{"id":1186,"date":"2016-07-01T14:25:07","date_gmt":"2016-07-01T12:25:07","guid":{"rendered":"http:\/\/www.ortizguerrero.com\/paginapersonal\/?p=1186"},"modified":"2016-07-01T14:25:52","modified_gmt":"2016-07-01T12:25:52","slug":"me-gusta-valladolid","status":"publish","type":"post","link":"http:\/\/www.ortizguerrero.com\/paginapersonal\/2016\/07\/me-gusta-valladolid\/","title":{"rendered":"Me gusta Valladolid"},"content":{"rendered":"<p style=\"text-align: justify;\">En esta provincia, y en buena parte de la de Zamora, mi provincia natal, se ha extendido entre la poblaci\u00f3n un grito de guerra a modo de protesta y b\u00fasqueda de explicaci\u00f3n de nuestra propia mediocridad: \u201cpucelano el que no bote\u201d gritan algunos, convencidos de que el subdesarrollo del \u201cPa\u00eds Leon\u00e9s\u201d se debe a las malas artes \u2013la mano negra- de Valladolid. Como alguna vez he le\u00eddo en un art\u00edculo de Sostres en ABC, quejarse es de perdedores.<\/p>\n<p style=\"text-align: justify;\">En lugar de mirar a Valladolid como la causa absoluta de nuestros males y de tratar de resucitar una divisi\u00f3n administrativa \u2013que por otro lado, como tal, nunca existi\u00f3- del pasado, lo que debemos hacer es ponernos a trabajar. A la Junta, sea del color pol\u00edtico que sea, s\u00f3lo podemos pedirle que nos unos impuestos bajos para que nos deje intentarlo y no abandonar esta tierra entre improperios hacia enemigos que nunca lo han sido.<\/p>\n<p style=\"text-align: justify;\">Valladolid es la capital \u2013de facto- de Castilla y Le\u00f3n. Es la sede de las Cortes y del gobierno de la Comunidad aut\u00f3noma y debe serlo en tanto en cuanto es la \u00fanica gran ciudad que hist\u00f3ricamente puede decirse tan leonesa como de Castilla la Vieja. Ocupa la posici\u00f3n central de su provincia y queda en el centro, tambi\u00e9n, de la Comunidad de la cuenca del Duero.<\/p>\n<p style=\"text-align: justify;\">Lejos de inventarnos idiomas que cualquier ling\u00fcista calificar\u00eda como dialecto de la misma lengua que el aragon\u00e9s y el castellano \u2013y no es otra que el espa\u00f1ol-, deber\u00edamos decir orgullosos que la lengua que hoy hablan cientos de millones de personas en el mundo tuvo una de sus primeras manifestaciones aqu\u00ed, con la \u201cNodicia de Kesos\u201d en pleno siglo X. Debemos pues de abandonar el provinciano regionalismo, el localismo y la constante queja reivindicativa a la que estamos acostumbrados y preguntarnos qu\u00e9 podemos hacer los leoneses (de las tres provincias) para que nuestra tierra sea atractiva para el mundo. Y en ello nos va a ayudar, como gran centro industrial del norte de la meseta, Valladolid.<\/p>\n<p style=\"text-align: justify;\">Publicado en <em>El Adelanto Ba\u00f1ezano<\/em>.<\/p>\n<div class=\"sharedaddy sd-sharing-enabled\"><div class=\"robots-nocontent sd-block sd-social sd-social-icon sd-sharing\"><h3 class=\"sd-title\">Compartir:<\/h3><div class=\"sd-content\"><ul><li class=\"share-facebook\"><a rel=\"nofollow noopener noreferrer\" data-shared=\"sharing-facebook-1186\" class=\"share-facebook sd-button share-icon no-text\" href=\"http:\/\/www.ortizguerrero.com\/paginapersonal\/2016\/07\/me-gusta-valladolid\/?share=facebook\" target=\"_blank\" title=\"Haz clic para compartir en Facebook\" ><span><\/span><span class=\"sharing-screen-reader-text\">Haz clic para compartir en Facebook (Se abre en una ventana nueva)<\/span><\/a><\/li><li class=\"share-twitter\"><a rel=\"nofollow noopener noreferrer\" data-shared=\"sharing-twitter-1186\" class=\"share-twitter sd-button share-icon no-text\" href=\"http:\/\/www.ortizguerrero.com\/paginapersonal\/2016\/07\/me-gusta-valladolid\/?share=twitter\" target=\"_blank\" title=\"Haz clic para compartir en Twitter\" ><span><\/span><span class=\"sharing-screen-reader-text\">Haz clic para compartir en Twitter (Se abre en una ventana nueva)<\/span><\/a><\/li><li class=\"share-pinterest\"><a rel=\"nofollow noopener noreferrer\" data-shared=\"sharing-pinterest-1186\" class=\"share-pinterest sd-button share-icon no-text\" href=\"http:\/\/www.ortizguerrero.com\/paginapersonal\/2016\/07\/me-gusta-valladolid\/?share=pinterest\" target=\"_blank\" title=\"Haz clic para compartir en Pinterest\" ><span><\/span><span class=\"sharing-screen-reader-text\">Haz clic para compartir en Pinterest (Se abre en una ventana nueva)<\/span><\/a><\/li><li class=\"share-tumblr\"><a rel=\"nofollow noopener noreferrer\" data-shared=\"\" class=\"share-tumblr sd-button share-icon no-text\" href=\"http:\/\/www.ortizguerrero.com\/paginapersonal\/2016\/07\/me-gusta-valladolid\/?share=tumblr\" target=\"_blank\" title=\"Haz clic para compartir en Tumblr\" ><span><\/span><span class=\"sharing-screen-reader-text\">Haz clic para compartir en Tumblr (Se abre en una ventana nueva)<\/span><\/a><\/li><li class=\"share-print\"><a rel=\"nofollow noopener noreferrer\" data-shared=\"\" class=\"share-print sd-button share-icon no-text\" href=\"http:\/\/www.ortizguerrero.com\/paginapersonal\/2016\/07\/me-gusta-valladolid\/\" target=\"_blank\" title=\"Haz clic para imprimir\" ><span><\/span><span class=\"sharing-screen-reader-text\">Haz clic para imprimir (Se abre en una ventana nueva)<\/span><\/a><\/li><li class=\"share-end\"><\/li><\/ul><\/div><\/div><\/div>","protected":false},"excerpt":{"rendered":"<p>En esta provincia, y en buena parte de la de Zamora, mi provincia natal, se ha extendido entre la poblaci\u00f3n un grito de guerra a modo de protesta y b\u00fasqueda de explicaci\u00f3n de nuestra propia mediocridad: \u201cpucelano el que no bote\u201d gritan algunos, convencidos de que el subdesarrollo del \u201cPa\u00eds Leon\u00e9s\u201d se debe a las [&hellip;]<\/p>\n<div class=\"sharedaddy sd-sharing-enabled\"><div class=\"robots-nocontent sd-block sd-social sd-social-icon sd-sharing\"><h3 class=\"sd-title\">Compartir:<\/h3><div class=\"sd-content\"><ul><li class=\"share-facebook\"><a rel=\"nofollow noopener noreferrer\" data-shared=\"sharing-facebook-1186\" class=\"share-facebook sd-button share-icon no-text\" href=\"http:\/\/www.ortizguerrero.com\/paginapersonal\/2016\/07\/me-gusta-valladolid\/?share=facebook\" target=\"_blank\" title=\"Haz clic para compartir en Facebook\" ><span><\/span><span class=\"sharing-screen-reader-text\">Haz clic para compartir en Facebook (Se abre en una ventana nueva)<\/span><\/a><\/li><li class=\"share-twitter\"><a rel=\"nofollow noopener noreferrer\" data-shared=\"sharing-twitter-1186\" class=\"share-twitter sd-button share-icon no-text\" href=\"http:\/\/www.ortizguerrero.com\/paginapersonal\/2016\/07\/me-gusta-valladolid\/?share=twitter\" target=\"_blank\" title=\"Haz clic para compartir en Twitter\" ><span><\/span><span class=\"sharing-screen-reader-text\">Haz clic para compartir en Twitter (Se abre en una ventana nueva)<\/span><\/a><\/li><li class=\"share-pinterest\"><a rel=\"nofollow noopener noreferrer\" data-shared=\"sharing-pinterest-1186\" class=\"share-pinterest sd-button share-icon no-text\" href=\"http:\/\/www.ortizguerrero.com\/paginapersonal\/2016\/07\/me-gusta-valladolid\/?share=pinterest\" target=\"_blank\" title=\"Haz clic para compartir en Pinterest\" ><span><\/span><span class=\"sharing-screen-reader-text\">Haz clic para compartir en Pinterest (Se abre en una ventana nueva)<\/span><\/a><\/li><li class=\"share-tumblr\"><a rel=\"nofollow noopener noreferrer\" data-shared=\"\" class=\"share-tumblr sd-button share-icon no-text\" href=\"http:\/\/www.ortizguerrero.com\/paginapersonal\/2016\/07\/me-gusta-valladolid\/?share=tumblr\" target=\"_blank\" title=\"Haz clic para compartir en Tumblr\" ><span><\/span><span class=\"sharing-screen-reader-text\">Haz clic para compartir en Tumblr (Se abre en una ventana nueva)<\/span><\/a><\/li><li class=\"share-print\"><a rel=\"nofollow noopener noreferrer\" data-shared=\"\" class=\"share-print sd-button share-icon no-text\" href=\"http:\/\/www.ortizguerrero.com\/paginapersonal\/2016\/07\/me-gusta-valladolid\/\" target=\"_blank\" title=\"Haz clic para imprimir\" ><span><\/span><span class=\"sharing-screen-reader-text\">Haz clic para imprimir (Se abre en una ventana nueva)<\/span><\/a><\/li><li class=\"share-end\"><\/li><\/ul><\/div><\/div><\/div>","protected":false},"author":1,"featured_media":0,"comment_status":"closed","ping_status":"open","sticky":false,"template":"","format":"standard","meta":{"ngg_post_thumbnail":0,"jetpack_post_was_ever_published":false,"jetpack_publicize_message":"","jetpack_is_tweetstorm":false,"jetpack_publicize_feature_enabled":true,"jetpack_social_post_already_shared":true,"jetpack_social_options":[]},"categories":[91],"tags":[],"jetpack_publicize_connections":[],"jetpack_featured_media_url":"","jetpack_sharing_enabled":true,"jetpack_shortlink":"https:\/\/wp.me\/p4MqDr-j8","_links":{"self":[{"href":"http:\/\/www.ortizguerrero.com\/paginapersonal\/wp-json\/wp\/v2\/posts\/1186"}],"collection":[{"href":"http:\/\/www.ortizguerrero.com\/paginapersonal\/wp-json\/wp\/v2\/posts"}],"about":[{"href":"http:\/\/www.ortizguerrero.com\/paginapersonal\/wp-json\/wp\/v2\/types\/post"}],"author":[{"embeddable":true,"href":"http:\/\/www.ortizguerrero.com\/paginapersonal\/wp-json\/wp\/v2\/users\/1"}],"replies":[{"embeddable":true,"href":"http:\/\/www.ortizguerrero.com\/paginapersonal\/wp-json\/wp\/v2\/comments?post=1186"}],"version-history":[{"count":2,"href":"http:\/\/www.ortizguerrero.com\/paginapersonal\/wp-json\/wp\/v2\/posts\/1186\/revisions"}],"predecessor-version":[{"id":1188,"href":"http:\/\/www.ortizguerrero.com\/paginapersonal\/wp-json\/wp\/v2\/posts\/1186\/revisions\/1188"}],"wp:attachment":[{"href":"http:\/\/www.ortizguerrero.com\/paginapersonal\/wp-json\/wp\/v2\/media?parent=1186"}],"wp:term":[{"taxonomy":"category","embeddable":true,"href":"http:\/\/www.ortizguerrero.com\/paginapersonal\/wp-json\/wp\/v2\/categories?post=1186"},{"taxonomy":"post_tag","embeddable":true,"href":"http:\/\/www.ortizguerrero.com\/paginapersonal\/wp-json\/wp\/v2\/tags?post=1186"}],"curies":[{"name":"wp","href":"https:\/\/api.w.org\/{rel}","templated":true}]}}