{"id":965,"date":"2014-05-07T00:35:04","date_gmt":"2014-05-06T23:35:04","guid":{"rendered":"http:\/\/www.daniel-ortiz.es\/coomonte\/2014\/05\/arco2009\/"},"modified":"2014-05-14T10:33:35","modified_gmt":"2014-05-14T09:33:35","slug":"arco2009","status":"publish","type":"post","link":"http:\/\/www.ortizguerrero.com\/coomonte\/2014\/05\/arco2009\/","title":{"rendered":"El arco de Pascua, la \u00faltima vez que se hizo"},"content":{"rendered":"\t\t\t\n\t\t<div class=\"ngg-gallery-singlepic-image \" style=\"max-width: 240px\">\n\t\t\t\t\t<a href=\"http:\/\/www.ortizguerrero.com\/coomonte\/wp-content\/gallery\/semana-santa\/color2.jpg\"\n\t\t\ttitle=\"El arco de Pascua en el encuentro entre el Resucitado y La Virgen. Se hizo por \u00faltima vez hace unos a\u00f1os, por iniciativa de la Asociaci\u00f3n Cultural Juco.\"\n\t\t\tdata-src=\"http:\/\/www.ortizguerrero.com\/coomonte\/wp-content\/gallery\/semana-santa\/color2.jpg\"\n\t\t\tdata-thumbnail=\"http:\/\/www.ortizguerrero.com\/coomonte\/wp-content\/gallery\/semana-santa\/thumbs\/thumbs_color2.jpg\"\n\t\t\tdata-image-id=\"326\"\n\t\t\tdata-title=\"arco2009\"\n\t\t\tdata-description=\"El arco de Pascua en el encuentro entre el Resucitado y La Virgen. Se hizo por \u00faltima vez hace unos a\u00f1os, por iniciativa de la Asociaci\u00f3n Cultural Juco.\"\n\t\t\ttarget='_self'\n\t\t\tclass=\"ngg-fancybox\" rel=\"647462da8303443b2e36b945c745a85e\">\n\t\t\t<img class=\"ngg-singlepic\"\n\t\t\tsrc=\"http:\/\/www.ortizguerrero.com\/coomonte\/nextgen-image\/326\/240x180x100\/4467e971fbdee6a88c580c3857befe61\"\n\t\t\talt=\"arco2009\"\n\t\t\ttitle=\"arco2009\"\n\t\t\t\t\t\t\t\twidth=\"240\" \t\t\t \/>\n\t\t<\/a>\n\t\t\t\t<\/div>\n\t\t\n<p style=\"text-align: justify;\">A falta de quintos voluntariosos, hace unos a\u00f1os la Asociaci\u00f3n Cultural Juco y un grupo de personas decidi\u00f3 volver a hacer el Arco. La imagen que se ve (es la \u00fanica que conservo) est\u00e1 un poco retocada, pero refleja bien la foto de ese d\u00eda: se puede ver a El Resucitado, siendo portado en andas, acompa\u00f1ado por San Juan (popularmente, San Juanico), al encuentro con La Virgen, bajo el adorno primaveral del Arco.<\/p>\n","protected":false},"excerpt":{"rendered":"<p>A falta de quintos voluntariosos, hace unos a\u00f1os la Asociaci\u00f3n Cultural Juco y un grupo de personas decidi\u00f3 volver a hacer el Arco. La imagen que se ve (es la \u00fanica que conservo) est\u00e1 un poco retocada, pero refleja bien la foto de ese d\u00eda: se puede ver a El Resucitado, siendo portado en andas, [&hellip;]<\/p>\n","protected":false},"author":1,"featured_media":36,"comment_status":"closed","ping_status":"closed","sticky":false,"template":"","format":"standard","meta":{"ngg_post_thumbnail":0,"footnotes":""},"categories":[3,5],"tags":[],"_links":{"self":[{"href":"http:\/\/www.ortizguerrero.com\/coomonte\/wp-json\/wp\/v2\/posts\/965"}],"collection":[{"href":"http:\/\/www.ortizguerrero.com\/coomonte\/wp-json\/wp\/v2\/posts"}],"about":[{"href":"http:\/\/www.ortizguerrero.com\/coomonte\/wp-json\/wp\/v2\/types\/post"}],"author":[{"embeddable":true,"href":"http:\/\/www.ortizguerrero.com\/coomonte\/wp-json\/wp\/v2\/users\/1"}],"replies":[{"embeddable":true,"href":"http:\/\/www.ortizguerrero.com\/coomonte\/wp-json\/wp\/v2\/comments?post=965"}],"version-history":[{"count":3,"href":"http:\/\/www.ortizguerrero.com\/coomonte\/wp-json\/wp\/v2\/posts\/965\/revisions"}],"predecessor-version":[{"id":968,"href":"http:\/\/www.ortizguerrero.com\/coomonte\/wp-json\/wp\/v2\/posts\/965\/revisions\/968"}],"wp:featuredmedia":[{"embeddable":true,"href":"http:\/\/www.ortizguerrero.com\/coomonte\/wp-json\/wp\/v2\/media\/36"}],"wp:attachment":[{"href":"http:\/\/www.ortizguerrero.com\/coomonte\/wp-json\/wp\/v2\/media?parent=965"}],"wp:term":[{"taxonomy":"category","embeddable":true,"href":"http:\/\/www.ortizguerrero.com\/coomonte\/wp-json\/wp\/v2\/categories?post=965"},{"taxonomy":"post_tag","embeddable":true,"href":"http:\/\/www.ortizguerrero.com\/coomonte\/wp-json\/wp\/v2\/tags?post=965"}],"curies":[{"name":"wp","href":"https:\/\/api.w.org\/{rel}","templated":true}]}}