{"id":680,"date":"2014-05-05T12:24:13","date_gmt":"2014-05-05T11:24:13","guid":{"rendered":"http:\/\/www.daniel-ortiz.es\/coomonte\/?p=680"},"modified":"2014-05-05T12:24:13","modified_gmt":"2014-05-05T11:24:13","slug":"el-mayo","status":"publish","type":"post","link":"http:\/\/www.ortizguerrero.com\/coomonte\/2014\/05\/el-mayo\/","title":{"rendered":"El Mayo"},"content":{"rendered":"<p>Aunque la tradici\u00f3n no es propiamente de nuestra localidad, s\u00ed es propia de nuestra comarca y regi\u00f3n. Y dado que \u00faltimamente no hacemos el Arco de Pascua, s\u00ed que hay quien se anima a hacer El Mayo.<\/p>\n<p><a href=\"http:\/\/www.daniel-ortiz.es\/coomonte\/wp-content\/uploads\/2014\/05\/20140504_194703.jpg\"><img loading=\"lazy\" decoding=\"async\" class=\"alignnone size-full wp-image-681\" src=\"http:\/\/www.daniel-ortiz.es\/coomonte\/wp-content\/uploads\/2014\/05\/20140504_194703.jpg\" alt=\"20140504_194703\" width=\"1920\" height=\"2560\" srcset=\"http:\/\/www.ortizguerrero.com\/coomonte\/wp-content\/uploads\/2014\/05\/20140504_194703.jpg 1920w, http:\/\/www.ortizguerrero.com\/coomonte\/wp-content\/uploads\/2014\/05\/20140504_194703-225x300.jpg 225w, http:\/\/www.ortizguerrero.com\/coomonte\/wp-content\/uploads\/2014\/05\/20140504_194703-768x1024.jpg 768w\" sizes=\"(max-width: 1920px) 100vw, 1920px\" \/><\/a><\/p>\n","protected":false},"excerpt":{"rendered":"<p>Aunque la tradici\u00f3n no es propiamente de nuestra localidad, s\u00ed es propia de nuestra comarca y regi\u00f3n. Y dado que \u00faltimamente no hacemos el Arco de Pascua, s\u00ed que hay quien se anima a hacer El Mayo.<\/p>\n","protected":false},"author":1,"featured_media":1966,"comment_status":"closed","ping_status":"closed","sticky":false,"template":"","format":"standard","meta":{"ngg_post_thumbnail":0,"footnotes":""},"categories":[4],"tags":[34,35,36],"_links":{"self":[{"href":"http:\/\/www.ortizguerrero.com\/coomonte\/wp-json\/wp\/v2\/posts\/680"}],"collection":[{"href":"http:\/\/www.ortizguerrero.com\/coomonte\/wp-json\/wp\/v2\/posts"}],"about":[{"href":"http:\/\/www.ortizguerrero.com\/coomonte\/wp-json\/wp\/v2\/types\/post"}],"author":[{"embeddable":true,"href":"http:\/\/www.ortizguerrero.com\/coomonte\/wp-json\/wp\/v2\/users\/1"}],"replies":[{"embeddable":true,"href":"http:\/\/www.ortizguerrero.com\/coomonte\/wp-json\/wp\/v2\/comments?post=680"}],"version-history":[{"count":1,"href":"http:\/\/www.ortizguerrero.com\/coomonte\/wp-json\/wp\/v2\/posts\/680\/revisions"}],"predecessor-version":[{"id":682,"href":"http:\/\/www.ortizguerrero.com\/coomonte\/wp-json\/wp\/v2\/posts\/680\/revisions\/682"}],"wp:featuredmedia":[{"embeddable":true,"href":"http:\/\/www.ortizguerrero.com\/coomonte\/wp-json\/wp\/v2\/media\/1966"}],"wp:attachment":[{"href":"http:\/\/www.ortizguerrero.com\/coomonte\/wp-json\/wp\/v2\/media?parent=680"}],"wp:term":[{"taxonomy":"category","embeddable":true,"href":"http:\/\/www.ortizguerrero.com\/coomonte\/wp-json\/wp\/v2\/categories?post=680"},{"taxonomy":"post_tag","embeddable":true,"href":"http:\/\/www.ortizguerrero.com\/coomonte\/wp-json\/wp\/v2\/tags?post=680"}],"curies":[{"name":"wp","href":"https:\/\/api.w.org\/{rel}","templated":true}]}}