{"id":615,"date":"2014-05-02T18:29:26","date_gmt":"2014-05-02T17:29:26","guid":{"rendered":"http:\/\/www.daniel-ortiz.es\/coomonte\/?p=615"},"modified":"2014-05-02T18:29:26","modified_gmt":"2014-05-02T17:29:26","slug":"fotografias-de-la-iii-edicion-de-la-carrera-de-autos-locos","status":"publish","type":"post","link":"http:\/\/www.ortizguerrero.com\/coomonte\/2014\/05\/fotografias-de-la-iii-edicion-de-la-carrera-de-autos-locos\/","title":{"rendered":"Fotograf\u00edas de la III Edici\u00f3n de la carrera de Autos Locos"},"content":{"rendered":"<p>Fotograf\u00edas de la Carrera de Autos Locos hecha en Coomonte en las fiestas de San Marcos, 2014.<\/p>\n<!-- default-view.php -->\n<div\n\tclass=\"ngg-galleryoverview default-view \n\t ngg-ajax-pagination-none\t\"\n\tid=\"ngg-gallery-fccf609ac3bd5048877c71bee5f64959-1\">\n\n\t\t<!-- Thumbnails -->\n\t\t\t\t<div id=\"ngg-image-0\" class=\"ngg-gallery-thumbnail-box \n\t\t\t\t\t\t\t\t\t\t\t\" \n\t\t\t>\n\t\t\t\t\t\t<div class=\"ngg-gallery-thumbnail\">\n\t\t\t<a href=\"http:\/\/www.ortizguerrero.com\/coomonte\/wp-content\/gallery\/autos-locos-de-san-marcos-2014\/20140426_181719.jpg\"\n\t\t\t\ttitle=\"Arriba. Al lado del cementerio. En la cumbre de la Cuesta Las Bodegas.\"\n\t\t\t\tdata-src=\"http:\/\/www.ortizguerrero.com\/coomonte\/wp-content\/gallery\/autos-locos-de-san-marcos-2014\/20140426_181719.jpg\"\n\t\t\t\tdata-thumbnail=\"http:\/\/www.ortizguerrero.com\/coomonte\/wp-content\/gallery\/autos-locos-de-san-marcos-2014\/thumbs\/thumbs_20140426_181719.jpg\"\n\t\t\t\tdata-image-id=\"325\"\n\t\t\t\tdata-title=\"20140426_181719\"\n\t\t\t\tdata-description=\"Arriba. Al lado del cementerio. En la cumbre de la Cuesta Las Bodegas.\"\n\t\t\t\tdata-image-slug=\"20140426_181719\"\n\t\t\t\tclass=\"ngg-fancybox\" rel=\"fccf609ac3bd5048877c71bee5f64959\">\n\t\t\t\t<img\n\t\t\t\t\ttitle=\"20140426_181719\"\n\t\t\t\t\talt=\"20140426_181719\"\n\t\t\t\t\tsrc=\"http:\/\/www.ortizguerrero.com\/coomonte\/wp-content\/gallery\/autos-locos-de-san-marcos-2014\/thumbs\/thumbs_20140426_181719.jpg\"\n\t\t\t\t\twidth=\"120\"\n\t\t\t\t\theight=\"90\"\n\t\t\t\t\tstyle=\"max-width:100%;\"\n\t\t\t\t\/>\n\t\t\t<\/a>\n\t\t<\/div>\n\t\t\t\t\t\t\t<\/div> \n\t\t\t\n\t\t\t\t<div id=\"ngg-image-1\" class=\"ngg-gallery-thumbnail-box \n\t\t\t\t\t\t\t\t\t\t\t\" \n\t\t\t>\n\t\t\t\t\t\t<div class=\"ngg-gallery-thumbnail\">\n\t\t\t<a href=\"http:\/\/www.ortizguerrero.com\/coomonte\/wp-content\/gallery\/autos-locos-de-san-marcos-2014\/20140426_171415.jpg\"\n\t\t\t\ttitle=\"Como podemos ver, la complejidad del volante es enorme.\"\n\t\t\t\tdata-src=\"http:\/\/www.ortizguerrero.com\/coomonte\/wp-content\/gallery\/autos-locos-de-san-marcos-2014\/20140426_171415.jpg\"\n\t\t\t\tdata-thumbnail=\"http:\/\/www.ortizguerrero.com\/coomonte\/wp-content\/gallery\/autos-locos-de-san-marcos-2014\/thumbs\/thumbs_20140426_171415.jpg\"\n\t\t\t\tdata-image-id=\"323\"\n\t\t\t\tdata-title=\"20140426_171415\"\n\t\t\t\tdata-description=\"Como podemos ver, la complejidad del volante es enorme.\"\n\t\t\t\tdata-image-slug=\"20140426_171415\"\n\t\t\t\tclass=\"ngg-fancybox\" rel=\"fccf609ac3bd5048877c71bee5f64959\">\n\t\t\t\t<img\n\t\t\t\t\ttitle=\"20140426_171415\"\n\t\t\t\t\talt=\"20140426_171415\"\n\t\t\t\t\tsrc=\"http:\/\/www.ortizguerrero.com\/coomonte\/wp-content\/gallery\/autos-locos-de-san-marcos-2014\/thumbs\/thumbs_20140426_171415.jpg\"\n\t\t\t\t\twidth=\"120\"\n\t\t\t\t\theight=\"90\"\n\t\t\t\t\tstyle=\"max-width:100%;\"\n\t\t\t\t\/>\n\t\t\t<\/a>\n\t\t<\/div>\n\t\t\t\t\t\t\t<\/div> \n\t\t\t\n\t\t\t\t<div id=\"ngg-image-2\" class=\"ngg-gallery-thumbnail-box \n\t\t\t\t\t\t\t\t\t\t\t\" \n\t\t\t>\n\t\t\t\t\t\t<div class=\"ngg-gallery-thumbnail\">\n\t\t\t<a href=\"http:\/\/www.ortizguerrero.com\/coomonte\/wp-content\/gallery\/autos-locos-de-san-marcos-2014\/20140426_171335.jpg\"\n\t\t\t\ttitle=\"Arrancando el coche.\"\n\t\t\t\tdata-src=\"http:\/\/www.ortizguerrero.com\/coomonte\/wp-content\/gallery\/autos-locos-de-san-marcos-2014\/20140426_171335.jpg\"\n\t\t\t\tdata-thumbnail=\"http:\/\/www.ortizguerrero.com\/coomonte\/wp-content\/gallery\/autos-locos-de-san-marcos-2014\/thumbs\/thumbs_20140426_171335.jpg\"\n\t\t\t\tdata-image-id=\"322\"\n\t\t\t\tdata-title=\"20140426_171335\"\n\t\t\t\tdata-description=\"Arrancando el coche.\"\n\t\t\t\tdata-image-slug=\"20140426_171335\"\n\t\t\t\tclass=\"ngg-fancybox\" rel=\"fccf609ac3bd5048877c71bee5f64959\">\n\t\t\t\t<img\n\t\t\t\t\ttitle=\"20140426_171335\"\n\t\t\t\t\talt=\"20140426_171335\"\n\t\t\t\t\tsrc=\"http:\/\/www.ortizguerrero.com\/coomonte\/wp-content\/gallery\/autos-locos-de-san-marcos-2014\/thumbs\/thumbs_20140426_171335.jpg\"\n\t\t\t\t\twidth=\"120\"\n\t\t\t\t\theight=\"90\"\n\t\t\t\t\tstyle=\"max-width:100%;\"\n\t\t\t\t\/>\n\t\t\t<\/a>\n\t\t<\/div>\n\t\t\t\t\t\t\t<\/div> \n\t\t\t\n\t\t\t\t<div id=\"ngg-image-3\" class=\"ngg-gallery-thumbnail-box \n\t\t\t\t\t\t\t\t\t\t\t\" \n\t\t\t>\n\t\t\t\t\t\t<div class=\"ngg-gallery-thumbnail\">\n\t\t\t<a href=\"http:\/\/www.ortizguerrero.com\/coomonte\/wp-content\/gallery\/autos-locos-de-san-marcos-2014\/20140426_190155.jpg\"\n\t\t\t\ttitle=\"Rub\u00e9n y Diego. Con su auto. Este a\u00f1o, carrozado.\"\n\t\t\t\tdata-src=\"http:\/\/www.ortizguerrero.com\/coomonte\/wp-content\/gallery\/autos-locos-de-san-marcos-2014\/20140426_190155.jpg\"\n\t\t\t\tdata-thumbnail=\"http:\/\/www.ortizguerrero.com\/coomonte\/wp-content\/gallery\/autos-locos-de-san-marcos-2014\/thumbs\/thumbs_20140426_190155.jpg\"\n\t\t\t\tdata-image-id=\"280\"\n\t\t\t\tdata-title=\"20140426_190155\"\n\t\t\t\tdata-description=\"Rub\u00e9n y Diego. Con su auto. Este a\u00f1o, carrozado.\"\n\t\t\t\tdata-image-slug=\"20140426_190155\"\n\t\t\t\tclass=\"ngg-fancybox\" rel=\"fccf609ac3bd5048877c71bee5f64959\">\n\t\t\t\t<img\n\t\t\t\t\ttitle=\"20140426_190155\"\n\t\t\t\t\talt=\"20140426_190155\"\n\t\t\t\t\tsrc=\"http:\/\/www.ortizguerrero.com\/coomonte\/wp-content\/gallery\/autos-locos-de-san-marcos-2014\/thumbs\/thumbs_20140426_190155.jpg\"\n\t\t\t\t\twidth=\"120\"\n\t\t\t\t\theight=\"90\"\n\t\t\t\t\tstyle=\"max-width:100%;\"\n\t\t\t\t\/>\n\t\t\t<\/a>\n\t\t<\/div>\n\t\t\t\t\t\t\t<\/div> \n\t\t\t\n\t\t\t\t<div id=\"ngg-image-4\" class=\"ngg-gallery-thumbnail-box \n\t\t\t\t\t\t\t\t\t\t\t\" \n\t\t\t>\n\t\t\t\t\t\t<div class=\"ngg-gallery-thumbnail\">\n\t\t\t<a href=\"http:\/\/www.ortizguerrero.com\/coomonte\/wp-content\/gallery\/autos-locos-de-san-marcos-2014\/20140426_190152.jpg\"\n\t\t\t\ttitle=\"Rub\u00e9n y Diego. Con su auto. Este a\u00f1o, carrozado.\"\n\t\t\t\tdata-src=\"http:\/\/www.ortizguerrero.com\/coomonte\/wp-content\/gallery\/autos-locos-de-san-marcos-2014\/20140426_190152.jpg\"\n\t\t\t\tdata-thumbnail=\"http:\/\/www.ortizguerrero.com\/coomonte\/wp-content\/gallery\/autos-locos-de-san-marcos-2014\/thumbs\/thumbs_20140426_190152.jpg\"\n\t\t\t\tdata-image-id=\"279\"\n\t\t\t\tdata-title=\"20140426_190152\"\n\t\t\t\tdata-description=\"Rub\u00e9n y Diego. Con su auto. Este a\u00f1o, carrozado.\"\n\t\t\t\tdata-image-slug=\"20140426_190152\"\n\t\t\t\tclass=\"ngg-fancybox\" rel=\"fccf609ac3bd5048877c71bee5f64959\">\n\t\t\t\t<img\n\t\t\t\t\ttitle=\"20140426_190152\"\n\t\t\t\t\talt=\"20140426_190152\"\n\t\t\t\t\tsrc=\"http:\/\/www.ortizguerrero.com\/coomonte\/wp-content\/gallery\/autos-locos-de-san-marcos-2014\/thumbs\/thumbs_20140426_190152.jpg\"\n\t\t\t\t\twidth=\"120\"\n\t\t\t\t\theight=\"90\"\n\t\t\t\t\tstyle=\"max-width:100%;\"\n\t\t\t\t\/>\n\t\t\t<\/a>\n\t\t<\/div>\n\t\t\t\t\t\t\t<\/div> \n\t\t\t\n\t\t\t\t<div id=\"ngg-image-5\" class=\"ngg-gallery-thumbnail-box \n\t\t\t\t\t\t\t\t\t\t\t\" \n\t\t\t>\n\t\t\t\t\t\t<div class=\"ngg-gallery-thumbnail\">\n\t\t\t<a href=\"http:\/\/www.ortizguerrero.com\/coomonte\/wp-content\/gallery\/autos-locos-de-san-marcos-2014\/20140426_184535.jpg\"\n\t\t\t\ttitle=\"En fila.\"\n\t\t\t\tdata-src=\"http:\/\/www.ortizguerrero.com\/coomonte\/wp-content\/gallery\/autos-locos-de-san-marcos-2014\/20140426_184535.jpg\"\n\t\t\t\tdata-thumbnail=\"http:\/\/www.ortizguerrero.com\/coomonte\/wp-content\/gallery\/autos-locos-de-san-marcos-2014\/thumbs\/thumbs_20140426_184535.jpg\"\n\t\t\t\tdata-image-id=\"278\"\n\t\t\t\tdata-title=\"20140426_184535\"\n\t\t\t\tdata-description=\"En fila.\"\n\t\t\t\tdata-image-slug=\"20140426_184535\"\n\t\t\t\tclass=\"ngg-fancybox\" rel=\"fccf609ac3bd5048877c71bee5f64959\">\n\t\t\t\t<img\n\t\t\t\t\ttitle=\"20140426_184535\"\n\t\t\t\t\talt=\"20140426_184535\"\n\t\t\t\t\tsrc=\"http:\/\/www.ortizguerrero.com\/coomonte\/wp-content\/gallery\/autos-locos-de-san-marcos-2014\/thumbs\/thumbs_20140426_184535.jpg\"\n\t\t\t\t\twidth=\"120\"\n\t\t\t\t\theight=\"90\"\n\t\t\t\t\tstyle=\"max-width:100%;\"\n\t\t\t\t\/>\n\t\t\t<\/a>\n\t\t<\/div>\n\t\t\t\t\t\t\t<\/div> \n\t\t\t\n\t\t\t\t<div id=\"ngg-image-6\" class=\"ngg-gallery-thumbnail-box \n\t\t\t\t\t\t\t\t\t\t\t\" \n\t\t\t>\n\t\t\t\t\t\t<div class=\"ngg-gallery-thumbnail\">\n\t\t\t<a href=\"http:\/\/www.ortizguerrero.com\/coomonte\/wp-content\/gallery\/autos-locos-de-san-marcos-2014\/20140426_184231.jpg\"\n\t\t\t\ttitle=\"Para bajar, el casco integral mejor.\"\n\t\t\t\tdata-src=\"http:\/\/www.ortizguerrero.com\/coomonte\/wp-content\/gallery\/autos-locos-de-san-marcos-2014\/20140426_184231.jpg\"\n\t\t\t\tdata-thumbnail=\"http:\/\/www.ortizguerrero.com\/coomonte\/wp-content\/gallery\/autos-locos-de-san-marcos-2014\/thumbs\/thumbs_20140426_184231.jpg\"\n\t\t\t\tdata-image-id=\"277\"\n\t\t\t\tdata-title=\"20140426_184231\"\n\t\t\t\tdata-description=\"Para bajar, el casco integral mejor.\"\n\t\t\t\tdata-image-slug=\"20140426_184231\"\n\t\t\t\tclass=\"ngg-fancybox\" rel=\"fccf609ac3bd5048877c71bee5f64959\">\n\t\t\t\t<img\n\t\t\t\t\ttitle=\"20140426_184231\"\n\t\t\t\t\talt=\"20140426_184231\"\n\t\t\t\t\tsrc=\"http:\/\/www.ortizguerrero.com\/coomonte\/wp-content\/gallery\/autos-locos-de-san-marcos-2014\/thumbs\/thumbs_20140426_184231.jpg\"\n\t\t\t\t\twidth=\"120\"\n\t\t\t\t\theight=\"90\"\n\t\t\t\t\tstyle=\"max-width:100%;\"\n\t\t\t\t\/>\n\t\t\t<\/a>\n\t\t<\/div>\n\t\t\t\t\t\t\t<\/div> \n\t\t\t\n\t\t\t\t<div id=\"ngg-image-7\" class=\"ngg-gallery-thumbnail-box \n\t\t\t\t\t\t\t\t\t\t\t\" \n\t\t\t>\n\t\t\t\t\t\t<div class=\"ngg-gallery-thumbnail\">\n\t\t\t<a href=\"http:\/\/www.ortizguerrero.com\/coomonte\/wp-content\/gallery\/autos-locos-de-san-marcos-2014\/20140426_182252.jpg\"\n\t\t\t\ttitle=\"Morro del Auto &quot;Abogado&quot;.\"\n\t\t\t\tdata-src=\"http:\/\/www.ortizguerrero.com\/coomonte\/wp-content\/gallery\/autos-locos-de-san-marcos-2014\/20140426_182252.jpg\"\n\t\t\t\tdata-thumbnail=\"http:\/\/www.ortizguerrero.com\/coomonte\/wp-content\/gallery\/autos-locos-de-san-marcos-2014\/thumbs\/thumbs_20140426_182252.jpg\"\n\t\t\t\tdata-image-id=\"276\"\n\t\t\t\tdata-title=\"20140426_182252\"\n\t\t\t\tdata-description=\"Morro del Auto &quot;Abogado&quot;.\"\n\t\t\t\tdata-image-slug=\"20140426_182252\"\n\t\t\t\tclass=\"ngg-fancybox\" rel=\"fccf609ac3bd5048877c71bee5f64959\">\n\t\t\t\t<img\n\t\t\t\t\ttitle=\"20140426_182252\"\n\t\t\t\t\talt=\"20140426_182252\"\n\t\t\t\t\tsrc=\"http:\/\/www.ortizguerrero.com\/coomonte\/wp-content\/gallery\/autos-locos-de-san-marcos-2014\/thumbs\/thumbs_20140426_182252.jpg\"\n\t\t\t\t\twidth=\"120\"\n\t\t\t\t\theight=\"90\"\n\t\t\t\t\tstyle=\"max-width:100%;\"\n\t\t\t\t\/>\n\t\t\t<\/a>\n\t\t<\/div>\n\t\t\t\t\t\t\t<\/div> \n\t\t\t\n\t\t\t\t<div id=\"ngg-image-8\" class=\"ngg-gallery-thumbnail-box \n\t\t\t\t\t\t\t\t\t\t\t\" \n\t\t\t>\n\t\t\t\t\t\t<div class=\"ngg-gallery-thumbnail\">\n\t\t\t<a href=\"http:\/\/www.ortizguerrero.com\/coomonte\/wp-content\/gallery\/autos-locos-de-san-marcos-2014\/20140426_182234.jpg\"\n\t\t\t\ttitle=\"Detalle de la rejilla del radiador del auto que qued\u00f3 en 1\u00aa posici\u00f3n.\"\n\t\t\t\tdata-src=\"http:\/\/www.ortizguerrero.com\/coomonte\/wp-content\/gallery\/autos-locos-de-san-marcos-2014\/20140426_182234.jpg\"\n\t\t\t\tdata-thumbnail=\"http:\/\/www.ortizguerrero.com\/coomonte\/wp-content\/gallery\/autos-locos-de-san-marcos-2014\/thumbs\/thumbs_20140426_182234.jpg\"\n\t\t\t\tdata-image-id=\"275\"\n\t\t\t\tdata-title=\"20140426_182234\"\n\t\t\t\tdata-description=\"Detalle de la rejilla del radiador del auto que qued\u00f3 en 1\u00aa posici\u00f3n.\"\n\t\t\t\tdata-image-slug=\"20140426_182234\"\n\t\t\t\tclass=\"ngg-fancybox\" rel=\"fccf609ac3bd5048877c71bee5f64959\">\n\t\t\t\t<img\n\t\t\t\t\ttitle=\"20140426_182234\"\n\t\t\t\t\talt=\"20140426_182234\"\n\t\t\t\t\tsrc=\"http:\/\/www.ortizguerrero.com\/coomonte\/wp-content\/gallery\/autos-locos-de-san-marcos-2014\/thumbs\/thumbs_20140426_182234.jpg\"\n\t\t\t\t\twidth=\"120\"\n\t\t\t\t\theight=\"90\"\n\t\t\t\t\tstyle=\"max-width:100%;\"\n\t\t\t\t\/>\n\t\t\t<\/a>\n\t\t<\/div>\n\t\t\t\t\t\t\t<\/div> \n\t\t\t\n\t\t\t\t<div id=\"ngg-image-9\" class=\"ngg-gallery-thumbnail-box \n\t\t\t\t\t\t\t\t\t\t\t\" \n\t\t\t>\n\t\t\t\t\t\t<div class=\"ngg-gallery-thumbnail\">\n\t\t\t<a href=\"http:\/\/www.ortizguerrero.com\/coomonte\/wp-content\/gallery\/autos-locos-de-san-marcos-2014\/20140426_182134.jpg\"\n\t\t\t\ttitle=\"La Finca Racing esta vez eligi\u00f3 unos colores muy cl\u00e1sicos: blanco y negro.\"\n\t\t\t\tdata-src=\"http:\/\/www.ortizguerrero.com\/coomonte\/wp-content\/gallery\/autos-locos-de-san-marcos-2014\/20140426_182134.jpg\"\n\t\t\t\tdata-thumbnail=\"http:\/\/www.ortizguerrero.com\/coomonte\/wp-content\/gallery\/autos-locos-de-san-marcos-2014\/thumbs\/thumbs_20140426_182134.jpg\"\n\t\t\t\tdata-image-id=\"274\"\n\t\t\t\tdata-title=\"20140426_182134\"\n\t\t\t\tdata-description=\"La Finca Racing esta vez eligi\u00f3 unos colores muy cl\u00e1sicos: blanco y negro.\"\n\t\t\t\tdata-image-slug=\"20140426_182134\"\n\t\t\t\tclass=\"ngg-fancybox\" rel=\"fccf609ac3bd5048877c71bee5f64959\">\n\t\t\t\t<img\n\t\t\t\t\ttitle=\"20140426_182134\"\n\t\t\t\t\talt=\"20140426_182134\"\n\t\t\t\t\tsrc=\"http:\/\/www.ortizguerrero.com\/coomonte\/wp-content\/gallery\/autos-locos-de-san-marcos-2014\/thumbs\/thumbs_20140426_182134.jpg\"\n\t\t\t\t\twidth=\"120\"\n\t\t\t\t\theight=\"90\"\n\t\t\t\t\tstyle=\"max-width:100%;\"\n\t\t\t\t\/>\n\t\t\t<\/a>\n\t\t<\/div>\n\t\t\t\t\t\t\t<\/div> \n\t\t\t\n\t\t\t\t<div id=\"ngg-image-10\" class=\"ngg-gallery-thumbnail-box \n\t\t\t\t\t\t\t\t\t\t\t\" \n\t\t\t>\n\t\t\t\t\t\t<div class=\"ngg-gallery-thumbnail\">\n\t\t\t<a href=\"http:\/\/www.ortizguerrero.com\/coomonte\/wp-content\/gallery\/autos-locos-de-san-marcos-2014\/20140426_181946.jpg\"\n\t\t\t\ttitle=\"A veces, el tama\u00f1o (del carromato) no importa.\"\n\t\t\t\tdata-src=\"http:\/\/www.ortizguerrero.com\/coomonte\/wp-content\/gallery\/autos-locos-de-san-marcos-2014\/20140426_181946.jpg\"\n\t\t\t\tdata-thumbnail=\"http:\/\/www.ortizguerrero.com\/coomonte\/wp-content\/gallery\/autos-locos-de-san-marcos-2014\/thumbs\/thumbs_20140426_181946.jpg\"\n\t\t\t\tdata-image-id=\"273\"\n\t\t\t\tdata-title=\"20140426_181946\"\n\t\t\t\tdata-description=\"A veces, el tama\u00f1o (del carromato) no importa.\"\n\t\t\t\tdata-image-slug=\"20140426_181946\"\n\t\t\t\tclass=\"ngg-fancybox\" rel=\"fccf609ac3bd5048877c71bee5f64959\">\n\t\t\t\t<img\n\t\t\t\t\ttitle=\"20140426_181946\"\n\t\t\t\t\talt=\"20140426_181946\"\n\t\t\t\t\tsrc=\"http:\/\/www.ortizguerrero.com\/coomonte\/wp-content\/gallery\/autos-locos-de-san-marcos-2014\/thumbs\/thumbs_20140426_181946.jpg\"\n\t\t\t\t\twidth=\"120\"\n\t\t\t\t\theight=\"90\"\n\t\t\t\t\tstyle=\"max-width:100%;\"\n\t\t\t\t\/>\n\t\t\t<\/a>\n\t\t<\/div>\n\t\t\t\t\t\t\t<\/div> \n\t\t\t\n\t\t\t\t<div id=\"ngg-image-11\" class=\"ngg-gallery-thumbnail-box \n\t\t\t\t\t\t\t\t\t\t\t\" \n\t\t\t>\n\t\t\t\t\t\t<div class=\"ngg-gallery-thumbnail\">\n\t\t\t<a href=\"http:\/\/www.ortizguerrero.com\/coomonte\/wp-content\/gallery\/autos-locos-de-san-marcos-2014\/20140426_181845.jpg\"\n\t\t\t\ttitle=\"El Auto &quot;Polic\u00eda&quot;, esperando a la bajada.\"\n\t\t\t\tdata-src=\"http:\/\/www.ortizguerrero.com\/coomonte\/wp-content\/gallery\/autos-locos-de-san-marcos-2014\/20140426_181845.jpg\"\n\t\t\t\tdata-thumbnail=\"http:\/\/www.ortizguerrero.com\/coomonte\/wp-content\/gallery\/autos-locos-de-san-marcos-2014\/thumbs\/thumbs_20140426_181845.jpg\"\n\t\t\t\tdata-image-id=\"272\"\n\t\t\t\tdata-title=\"20140426_181845\"\n\t\t\t\tdata-description=\"El Auto &quot;Polic\u00eda&quot;, esperando a la bajada.\"\n\t\t\t\tdata-image-slug=\"20140426_181845\"\n\t\t\t\tclass=\"ngg-fancybox\" rel=\"fccf609ac3bd5048877c71bee5f64959\">\n\t\t\t\t<img\n\t\t\t\t\ttitle=\"20140426_181845\"\n\t\t\t\t\talt=\"20140426_181845\"\n\t\t\t\t\tsrc=\"http:\/\/www.ortizguerrero.com\/coomonte\/wp-content\/gallery\/autos-locos-de-san-marcos-2014\/thumbs\/thumbs_20140426_181845.jpg\"\n\t\t\t\t\twidth=\"120\"\n\t\t\t\t\theight=\"90\"\n\t\t\t\t\tstyle=\"max-width:100%;\"\n\t\t\t\t\/>\n\t\t\t<\/a>\n\t\t<\/div>\n\t\t\t\t\t\t\t<\/div> \n\t\t\t\n\t\t\t\t<div id=\"ngg-image-12\" class=\"ngg-gallery-thumbnail-box \n\t\t\t\t\t\t\t\t\t\t\t\" \n\t\t\t>\n\t\t\t\t\t\t<div class=\"ngg-gallery-thumbnail\">\n\t\t\t<a href=\"http:\/\/www.ortizguerrero.com\/coomonte\/wp-content\/gallery\/autos-locos-de-san-marcos-2014\/20140426_181838.jpg\"\n\t\t\t\ttitle=\"Los dise\u00f1os fueron variados. Y patrocinados, como se ve en la foto.\"\n\t\t\t\tdata-src=\"http:\/\/www.ortizguerrero.com\/coomonte\/wp-content\/gallery\/autos-locos-de-san-marcos-2014\/20140426_181838.jpg\"\n\t\t\t\tdata-thumbnail=\"http:\/\/www.ortizguerrero.com\/coomonte\/wp-content\/gallery\/autos-locos-de-san-marcos-2014\/thumbs\/thumbs_20140426_181838.jpg\"\n\t\t\t\tdata-image-id=\"271\"\n\t\t\t\tdata-title=\"20140426_181838\"\n\t\t\t\tdata-description=\"Los dise\u00f1os fueron variados. Y patrocinados, como se ve en la foto.\"\n\t\t\t\tdata-image-slug=\"20140426_181838\"\n\t\t\t\tclass=\"ngg-fancybox\" rel=\"fccf609ac3bd5048877c71bee5f64959\">\n\t\t\t\t<img\n\t\t\t\t\ttitle=\"20140426_181838\"\n\t\t\t\t\talt=\"20140426_181838\"\n\t\t\t\t\tsrc=\"http:\/\/www.ortizguerrero.com\/coomonte\/wp-content\/gallery\/autos-locos-de-san-marcos-2014\/thumbs\/thumbs_20140426_181838.jpg\"\n\t\t\t\t\twidth=\"120\"\n\t\t\t\t\theight=\"90\"\n\t\t\t\t\tstyle=\"max-width:100%;\"\n\t\t\t\t\/>\n\t\t\t<\/a>\n\t\t<\/div>\n\t\t\t\t\t\t\t<\/div> \n\t\t\t\n\t\t\t\t<div id=\"ngg-image-13\" class=\"ngg-gallery-thumbnail-box \n\t\t\t\t\t\t\t\t\t\t\t\" \n\t\t\t>\n\t\t\t\t\t\t<div class=\"ngg-gallery-thumbnail\">\n\t\t\t<a href=\"http:\/\/www.ortizguerrero.com\/coomonte\/wp-content\/gallery\/autos-locos-de-san-marcos-2014\/20140426_181830.jpg\"\n\t\t\t\ttitle=\"Jorge, Diego y Gabriel... organizando y participando. O viceversa.\"\n\t\t\t\tdata-src=\"http:\/\/www.ortizguerrero.com\/coomonte\/wp-content\/gallery\/autos-locos-de-san-marcos-2014\/20140426_181830.jpg\"\n\t\t\t\tdata-thumbnail=\"http:\/\/www.ortizguerrero.com\/coomonte\/wp-content\/gallery\/autos-locos-de-san-marcos-2014\/thumbs\/thumbs_20140426_181830.jpg\"\n\t\t\t\tdata-image-id=\"270\"\n\t\t\t\tdata-title=\"20140426_181830\"\n\t\t\t\tdata-description=\"Jorge, Diego y Gabriel... organizando y participando. O viceversa.\"\n\t\t\t\tdata-image-slug=\"20140426_181830\"\n\t\t\t\tclass=\"ngg-fancybox\" rel=\"fccf609ac3bd5048877c71bee5f64959\">\n\t\t\t\t<img\n\t\t\t\t\ttitle=\"20140426_181830\"\n\t\t\t\t\talt=\"20140426_181830\"\n\t\t\t\t\tsrc=\"http:\/\/www.ortizguerrero.com\/coomonte\/wp-content\/gallery\/autos-locos-de-san-marcos-2014\/thumbs\/thumbs_20140426_181830.jpg\"\n\t\t\t\t\twidth=\"120\"\n\t\t\t\t\theight=\"90\"\n\t\t\t\t\tstyle=\"max-width:100%;\"\n\t\t\t\t\/>\n\t\t\t<\/a>\n\t\t<\/div>\n\t\t\t\t\t\t\t<\/div> \n\t\t\t\n\t\t\t\t<div id=\"ngg-image-14\" class=\"ngg-gallery-thumbnail-box \n\t\t\t\t\t\t\t\t\t\t\t\" \n\t\t\t>\n\t\t\t\t\t\t<div class=\"ngg-gallery-thumbnail\">\n\t\t\t<a href=\"http:\/\/www.ortizguerrero.com\/coomonte\/wp-content\/gallery\/autos-locos-de-san-marcos-2014\/20140426_181736.jpg\"\n\t\t\t\ttitle=\"Esperando para la bajada.\"\n\t\t\t\tdata-src=\"http:\/\/www.ortizguerrero.com\/coomonte\/wp-content\/gallery\/autos-locos-de-san-marcos-2014\/20140426_181736.jpg\"\n\t\t\t\tdata-thumbnail=\"http:\/\/www.ortizguerrero.com\/coomonte\/wp-content\/gallery\/autos-locos-de-san-marcos-2014\/thumbs\/thumbs_20140426_181736.jpg\"\n\t\t\t\tdata-image-id=\"269\"\n\t\t\t\tdata-title=\"20140426_181736\"\n\t\t\t\tdata-description=\"Esperando para la bajada.\"\n\t\t\t\tdata-image-slug=\"20140426_181736\"\n\t\t\t\tclass=\"ngg-fancybox\" rel=\"fccf609ac3bd5048877c71bee5f64959\">\n\t\t\t\t<img\n\t\t\t\t\ttitle=\"20140426_181736\"\n\t\t\t\t\talt=\"20140426_181736\"\n\t\t\t\t\tsrc=\"http:\/\/www.ortizguerrero.com\/coomonte\/wp-content\/gallery\/autos-locos-de-san-marcos-2014\/thumbs\/thumbs_20140426_181736.jpg\"\n\t\t\t\t\twidth=\"120\"\n\t\t\t\t\theight=\"90\"\n\t\t\t\t\tstyle=\"max-width:100%;\"\n\t\t\t\t\/>\n\t\t\t<\/a>\n\t\t<\/div>\n\t\t\t\t\t\t\t<\/div> \n\t\t\t\n\t\t\t\t<div id=\"ngg-image-15\" class=\"ngg-gallery-thumbnail-box \n\t\t\t\t\t\t\t\t\t\t\t\" \n\t\t\t>\n\t\t\t\t\t\t<div class=\"ngg-gallery-thumbnail\">\n\t\t\t<a href=\"http:\/\/www.ortizguerrero.com\/coomonte\/wp-content\/gallery\/autos-locos-de-san-marcos-2014\/20140426_173718.jpg\"\n\t\t\t\ttitle=\"La pe\u00f1a Xacrilecquio nos volvi\u00f3 a sorprender con un modelo de auto totalmente diferente y muy r\u00e1pido. La tem\u00e1tica Hippi fue el toque de este a\u00f1o.\"\n\t\t\t\tdata-src=\"http:\/\/www.ortizguerrero.com\/coomonte\/wp-content\/gallery\/autos-locos-de-san-marcos-2014\/20140426_173718.jpg\"\n\t\t\t\tdata-thumbnail=\"http:\/\/www.ortizguerrero.com\/coomonte\/wp-content\/gallery\/autos-locos-de-san-marcos-2014\/thumbs\/thumbs_20140426_173718.jpg\"\n\t\t\t\tdata-image-id=\"268\"\n\t\t\t\tdata-title=\"20140426_173718\"\n\t\t\t\tdata-description=\"La pe\u00f1a Xacrilecquio nos volvi\u00f3 a sorprender con un modelo de auto totalmente diferente y muy r\u00e1pido. La tem\u00e1tica Hippi fue el toque de este a\u00f1o.\"\n\t\t\t\tdata-image-slug=\"20140426_173718\"\n\t\t\t\tclass=\"ngg-fancybox\" rel=\"fccf609ac3bd5048877c71bee5f64959\">\n\t\t\t\t<img\n\t\t\t\t\ttitle=\"20140426_173718\"\n\t\t\t\t\talt=\"20140426_173718\"\n\t\t\t\t\tsrc=\"http:\/\/www.ortizguerrero.com\/coomonte\/wp-content\/gallery\/autos-locos-de-san-marcos-2014\/thumbs\/thumbs_20140426_173718.jpg\"\n\t\t\t\t\twidth=\"120\"\n\t\t\t\t\theight=\"90\"\n\t\t\t\t\tstyle=\"max-width:100%;\"\n\t\t\t\t\/>\n\t\t\t<\/a>\n\t\t<\/div>\n\t\t\t\t\t\t\t<\/div> \n\t\t\t\n\t\t\t\t<div id=\"ngg-image-16\" class=\"ngg-gallery-thumbnail-box \n\t\t\t\t\t\t\t\t\t\t\t\" \n\t\t\t>\n\t\t\t\t\t\t<div class=\"ngg-gallery-thumbnail\">\n\t\t\t<a href=\"http:\/\/www.ortizguerrero.com\/coomonte\/wp-content\/gallery\/autos-locos-de-san-marcos-2014\/20140426_173709.jpg\"\n\t\t\t\ttitle=\"Sillas para los jueces de carrera.\"\n\t\t\t\tdata-src=\"http:\/\/www.ortizguerrero.com\/coomonte\/wp-content\/gallery\/autos-locos-de-san-marcos-2014\/20140426_173709.jpg\"\n\t\t\t\tdata-thumbnail=\"http:\/\/www.ortizguerrero.com\/coomonte\/wp-content\/gallery\/autos-locos-de-san-marcos-2014\/thumbs\/thumbs_20140426_173709.jpg\"\n\t\t\t\tdata-image-id=\"267\"\n\t\t\t\tdata-title=\"20140426_173709\"\n\t\t\t\tdata-description=\"Sillas para los jueces de carrera.\"\n\t\t\t\tdata-image-slug=\"20140426_173709\"\n\t\t\t\tclass=\"ngg-fancybox\" rel=\"fccf609ac3bd5048877c71bee5f64959\">\n\t\t\t\t<img\n\t\t\t\t\ttitle=\"20140426_173709\"\n\t\t\t\t\talt=\"20140426_173709\"\n\t\t\t\t\tsrc=\"http:\/\/www.ortizguerrero.com\/coomonte\/wp-content\/gallery\/autos-locos-de-san-marcos-2014\/thumbs\/thumbs_20140426_173709.jpg\"\n\t\t\t\t\twidth=\"120\"\n\t\t\t\t\theight=\"90\"\n\t\t\t\t\tstyle=\"max-width:100%;\"\n\t\t\t\t\/>\n\t\t\t<\/a>\n\t\t<\/div>\n\t\t\t\t\t\t\t<\/div> \n\t\t\t\n\t\t\t\t<div id=\"ngg-image-17\" class=\"ngg-gallery-thumbnail-box \n\t\t\t\t\t\t\t\t\t\t\t\" \n\t\t\t>\n\t\t\t\t\t\t<div class=\"ngg-gallery-thumbnail\">\n\t\t\t<a href=\"http:\/\/www.ortizguerrero.com\/coomonte\/wp-content\/gallery\/autos-locos-de-san-marcos-2014\/20140426_172748.jpg\"\n\t\t\t\ttitle=\"Daniel y el Auto Abogado. Al fondo se ven dos autos m\u00e1s.\"\n\t\t\t\tdata-src=\"http:\/\/www.ortizguerrero.com\/coomonte\/wp-content\/gallery\/autos-locos-de-san-marcos-2014\/20140426_172748.jpg\"\n\t\t\t\tdata-thumbnail=\"http:\/\/www.ortizguerrero.com\/coomonte\/wp-content\/gallery\/autos-locos-de-san-marcos-2014\/thumbs\/thumbs_20140426_172748.jpg\"\n\t\t\t\tdata-image-id=\"266\"\n\t\t\t\tdata-title=\"20140426_172748\"\n\t\t\t\tdata-description=\"Daniel y el Auto Abogado. Al fondo se ven dos autos m\u00e1s.\"\n\t\t\t\tdata-image-slug=\"20140426_172748\"\n\t\t\t\tclass=\"ngg-fancybox\" rel=\"fccf609ac3bd5048877c71bee5f64959\">\n\t\t\t\t<img\n\t\t\t\t\ttitle=\"20140426_172748\"\n\t\t\t\t\talt=\"20140426_172748\"\n\t\t\t\t\tsrc=\"http:\/\/www.ortizguerrero.com\/coomonte\/wp-content\/gallery\/autos-locos-de-san-marcos-2014\/thumbs\/thumbs_20140426_172748.jpg\"\n\t\t\t\t\twidth=\"120\"\n\t\t\t\t\theight=\"90\"\n\t\t\t\t\tstyle=\"max-width:100%;\"\n\t\t\t\t\/>\n\t\t\t<\/a>\n\t\t<\/div>\n\t\t\t\t\t\t\t<\/div> \n\t\t\t\n\t\t\t\t<div id=\"ngg-image-18\" class=\"ngg-gallery-thumbnail-box \n\t\t\t\t\t\t\t\t\t\t\t\" \n\t\t\t>\n\t\t\t\t\t\t<div class=\"ngg-gallery-thumbnail\">\n\t\t\t<a href=\"http:\/\/www.ortizguerrero.com\/coomonte\/wp-content\/gallery\/autos-locos-de-san-marcos-2014\/20140426_170501.jpg\"\n\t\t\t\ttitle=\"Lo que queda del Front\u00f3n alberg\u00f3 la exposici\u00f3n de Autos Locos por tercer a\u00f1o. 2014.\"\n\t\t\t\tdata-src=\"http:\/\/www.ortizguerrero.com\/coomonte\/wp-content\/gallery\/autos-locos-de-san-marcos-2014\/20140426_170501.jpg\"\n\t\t\t\tdata-thumbnail=\"http:\/\/www.ortizguerrero.com\/coomonte\/wp-content\/gallery\/autos-locos-de-san-marcos-2014\/thumbs\/thumbs_20140426_170501.jpg\"\n\t\t\t\tdata-image-id=\"265\"\n\t\t\t\tdata-title=\"20140426_170501\"\n\t\t\t\tdata-description=\"Lo que queda del Front\u00f3n alberg\u00f3 la exposici\u00f3n de Autos Locos por tercer a\u00f1o. 2014.\"\n\t\t\t\tdata-image-slug=\"20140426_170501\"\n\t\t\t\tclass=\"ngg-fancybox\" rel=\"fccf609ac3bd5048877c71bee5f64959\">\n\t\t\t\t<img\n\t\t\t\t\ttitle=\"20140426_170501\"\n\t\t\t\t\talt=\"20140426_170501\"\n\t\t\t\t\tsrc=\"http:\/\/www.ortizguerrero.com\/coomonte\/wp-content\/gallery\/autos-locos-de-san-marcos-2014\/thumbs\/thumbs_20140426_170501.jpg\"\n\t\t\t\t\twidth=\"120\"\n\t\t\t\t\theight=\"90\"\n\t\t\t\t\tstyle=\"max-width:100%;\"\n\t\t\t\t\/>\n\t\t\t<\/a>\n\t\t<\/div>\n\t\t\t\t\t\t\t<\/div> \n\t\t\t\n\t\n\t<br style=\"clear: both\" \/>\n\n\t\t<div class=\"slideshowlink\">\n\t\t<a href='http:\/\/www.ortizguerrero.com\/coomonte\/2014\/05\/fotografias-de-la-iii-edicion-de-la-carrera-de-autos-locos\/nggallery\/slideshow'>[Show slideshow]<\/a>\n\t\t\n\t<\/div>\n\t\n\t\t<!-- Pagination -->\n\t\t<div class='ngg-clear'><\/div>\t<\/div>\n\n","protected":false},"excerpt":{"rendered":"<p>Fotograf\u00edas de la Carrera de Autos Locos hecha en Coomonte en las fiestas de San Marcos, 2014.<\/p>\n","protected":false},"author":1,"featured_media":235,"comment_status":"closed","ping_status":"closed","sticky":false,"template":"","format":"gallery","meta":{"ngg_post_thumbnail":0,"footnotes":""},"categories":[5],"tags":[32,31,28,23],"_links":{"self":[{"href":"http:\/\/www.ortizguerrero.com\/coomonte\/wp-json\/wp\/v2\/posts\/615"}],"collection":[{"href":"http:\/\/www.ortizguerrero.com\/coomonte\/wp-json\/wp\/v2\/posts"}],"about":[{"href":"http:\/\/www.ortizguerrero.com\/coomonte\/wp-json\/wp\/v2\/types\/post"}],"author":[{"embeddable":true,"href":"http:\/\/www.ortizguerrero.com\/coomonte\/wp-json\/wp\/v2\/users\/1"}],"replies":[{"embeddable":true,"href":"http:\/\/www.ortizguerrero.com\/coomonte\/wp-json\/wp\/v2\/comments?post=615"}],"version-history":[{"count":1,"href":"http:\/\/www.ortizguerrero.com\/coomonte\/wp-json\/wp\/v2\/posts\/615\/revisions"}],"predecessor-version":[{"id":617,"href":"http:\/\/www.ortizguerrero.com\/coomonte\/wp-json\/wp\/v2\/posts\/615\/revisions\/617"}],"wp:featuredmedia":[{"embeddable":true,"href":"http:\/\/www.ortizguerrero.com\/coomonte\/wp-json\/wp\/v2\/media\/235"}],"wp:attachment":[{"href":"http:\/\/www.ortizguerrero.com\/coomonte\/wp-json\/wp\/v2\/media?parent=615"}],"wp:term":[{"taxonomy":"category","embeddable":true,"href":"http:\/\/www.ortizguerrero.com\/coomonte\/wp-json\/wp\/v2\/categories?post=615"},{"taxonomy":"post_tag","embeddable":true,"href":"http:\/\/www.ortizguerrero.com\/coomonte\/wp-json\/wp\/v2\/tags?post=615"}],"curies":[{"name":"wp","href":"https:\/\/api.w.org\/{rel}","templated":true}]}}