{"id":611,"date":"2014-05-02T18:23:11","date_gmt":"2014-05-02T17:23:11","guid":{"rendered":"http:\/\/www.daniel-ortiz.es\/coomonte\/?p=611"},"modified":"2014-05-02T18:23:11","modified_gmt":"2014-05-02T17:23:11","slug":"fotografias-de-semana-santa-2014","status":"publish","type":"post","link":"http:\/\/www.ortizguerrero.com\/coomonte\/2014\/05\/fotografias-de-semana-santa-2014\/","title":{"rendered":"Fotograf\u00edas de Semana Santa 2014"},"content":{"rendered":"<p>Dos fotograf\u00edas hechas por David Alijas a la procesi\u00f3n de El Nazareno, el pasado Viernes Santo:<\/p>\n<!-- default-view.php -->\n<div\n\tclass=\"ngg-galleryoverview default-view \n\t ngg-ajax-pagination-none\t\"\n\tid=\"ngg-gallery-2d82d2a29346a3bc175e4db2529de6b1-1\">\n\n\t\t<!-- Thumbnails -->\n\t\t\t\t<div id=\"ngg-image-0\" class=\"ngg-gallery-thumbnail-box \n\t\t\t\t\t\t\t\t\t\t\t\" \n\t\t\t>\n\t\t\t\t\t\t<div class=\"ngg-gallery-thumbnail\">\n\t\t\t<a href=\"http:\/\/www.ortizguerrero.com\/coomonte\/wp-content\/gallery\/fotos-de-david-en-semana-santa-2014-viernes-santo\/IMG-20140502-WA0015.jpg\"\n\t\t\t\ttitle=\"El Nazareno en procesi\u00f3n. Foto de David Alijas.\"\n\t\t\t\tdata-src=\"http:\/\/www.ortizguerrero.com\/coomonte\/wp-content\/gallery\/fotos-de-david-en-semana-santa-2014-viernes-santo\/IMG-20140502-WA0015.jpg\"\n\t\t\t\tdata-thumbnail=\"http:\/\/www.ortizguerrero.com\/coomonte\/wp-content\/gallery\/fotos-de-david-en-semana-santa-2014-viernes-santo\/thumbs\/thumbs_IMG-20140502-WA0015.jpg\"\n\t\t\t\tdata-image-id=\"302\"\n\t\t\t\tdata-title=\"Foto de David Alijas: Procesi\u00f3n de El Nazareno.\"\n\t\t\t\tdata-description=\"El Nazareno en procesi\u00f3n. Foto de David Alijas.\"\n\t\t\t\tdata-image-slug=\"img-20140502-wa0015\"\n\t\t\t\tclass=\"ngg-fancybox\" rel=\"2d82d2a29346a3bc175e4db2529de6b1\">\n\t\t\t\t<img\n\t\t\t\t\ttitle=\"Foto de David Alijas: Procesi\u00f3n de El Nazareno.\"\n\t\t\t\t\talt=\"Foto de David Alijas: Procesi\u00f3n de El Nazareno.\"\n\t\t\t\t\tsrc=\"http:\/\/www.ortizguerrero.com\/coomonte\/wp-content\/gallery\/fotos-de-david-en-semana-santa-2014-viernes-santo\/thumbs\/thumbs_IMG-20140502-WA0015.jpg\"\n\t\t\t\t\twidth=\"120\"\n\t\t\t\t\theight=\"90\"\n\t\t\t\t\tstyle=\"max-width:100%;\"\n\t\t\t\t\/>\n\t\t\t<\/a>\n\t\t<\/div>\n\t\t\t\t\t\t\t<\/div> \n\t\t\t\n\t\t\t\t<div id=\"ngg-image-1\" class=\"ngg-gallery-thumbnail-box \n\t\t\t\t\t\t\t\t\t\t\t\" \n\t\t\t>\n\t\t\t\t\t\t<div class=\"ngg-gallery-thumbnail\">\n\t\t\t<a href=\"http:\/\/www.ortizguerrero.com\/coomonte\/wp-content\/gallery\/fotos-de-david-en-semana-santa-2014-viernes-santo\/IMG-20140502-WA0014.jpg\"\n\t\t\t\ttitle=\"El encuentro del Nazareno con su madre y con San Juan. Viernes Santo. Procesi\u00f3n del Nazareno. Foto de David Alijas.\"\n\t\t\t\tdata-src=\"http:\/\/www.ortizguerrero.com\/coomonte\/wp-content\/gallery\/fotos-de-david-en-semana-santa-2014-viernes-santo\/IMG-20140502-WA0014.jpg\"\n\t\t\t\tdata-thumbnail=\"http:\/\/www.ortizguerrero.com\/coomonte\/wp-content\/gallery\/fotos-de-david-en-semana-santa-2014-viernes-santo\/thumbs\/thumbs_IMG-20140502-WA0014.jpg\"\n\t\t\t\tdata-image-id=\"301\"\n\t\t\t\tdata-title=\"Foto de David Alijas: Procesi\u00f3n de El Nazareno.\"\n\t\t\t\tdata-description=\"El encuentro del Nazareno con su madre y con San Juan. Viernes Santo. Procesi\u00f3n del Nazareno. Foto de David Alijas.\"\n\t\t\t\tdata-image-slug=\"img-20140502-wa0014\"\n\t\t\t\tclass=\"ngg-fancybox\" rel=\"2d82d2a29346a3bc175e4db2529de6b1\">\n\t\t\t\t<img\n\t\t\t\t\ttitle=\"Foto de David Alijas: Procesi\u00f3n de El Nazareno.\"\n\t\t\t\t\talt=\"Foto de David Alijas: Procesi\u00f3n de El Nazareno.\"\n\t\t\t\t\tsrc=\"http:\/\/www.ortizguerrero.com\/coomonte\/wp-content\/gallery\/fotos-de-david-en-semana-santa-2014-viernes-santo\/thumbs\/thumbs_IMG-20140502-WA0014.jpg\"\n\t\t\t\t\twidth=\"120\"\n\t\t\t\t\theight=\"90\"\n\t\t\t\t\tstyle=\"max-width:100%;\"\n\t\t\t\t\/>\n\t\t\t<\/a>\n\t\t<\/div>\n\t\t\t\t\t\t\t<\/div> \n\t\t\t\n\t\n\t<br style=\"clear: both\" \/>\n\n\t\t<div class=\"slideshowlink\">\n\t\t<a href='http:\/\/www.ortizguerrero.com\/coomonte\/2014\/05\/fotografias-de-semana-santa-2014\/nggallery\/slideshow'>[Show slideshow]<\/a>\n\t\t\n\t<\/div>\n\t\n\t\t<!-- Pagination -->\n\t\t<div class='ngg-clear'><\/div>\t<\/div>\n\n","protected":false},"excerpt":{"rendered":"<p>Dos fotograf\u00edas hechas por David Alijas a la procesi\u00f3n de El Nazareno, el pasado Viernes Santo:<\/p>\n","protected":false},"author":1,"featured_media":36,"comment_status":"closed","ping_status":"closed","sticky":false,"template":"","format":"gallery","meta":{"ngg_post_thumbnail":0,"footnotes":""},"categories":[5],"tags":[],"_links":{"self":[{"href":"http:\/\/www.ortizguerrero.com\/coomonte\/wp-json\/wp\/v2\/posts\/611"}],"collection":[{"href":"http:\/\/www.ortizguerrero.com\/coomonte\/wp-json\/wp\/v2\/posts"}],"about":[{"href":"http:\/\/www.ortizguerrero.com\/coomonte\/wp-json\/wp\/v2\/types\/post"}],"author":[{"embeddable":true,"href":"http:\/\/www.ortizguerrero.com\/coomonte\/wp-json\/wp\/v2\/users\/1"}],"replies":[{"embeddable":true,"href":"http:\/\/www.ortizguerrero.com\/coomonte\/wp-json\/wp\/v2\/comments?post=611"}],"version-history":[{"count":1,"href":"http:\/\/www.ortizguerrero.com\/coomonte\/wp-json\/wp\/v2\/posts\/611\/revisions"}],"predecessor-version":[{"id":614,"href":"http:\/\/www.ortizguerrero.com\/coomonte\/wp-json\/wp\/v2\/posts\/611\/revisions\/614"}],"wp:featuredmedia":[{"embeddable":true,"href":"http:\/\/www.ortizguerrero.com\/coomonte\/wp-json\/wp\/v2\/media\/36"}],"wp:attachment":[{"href":"http:\/\/www.ortizguerrero.com\/coomonte\/wp-json\/wp\/v2\/media?parent=611"}],"wp:term":[{"taxonomy":"category","embeddable":true,"href":"http:\/\/www.ortizguerrero.com\/coomonte\/wp-json\/wp\/v2\/categories?post=611"},{"taxonomy":"post_tag","embeddable":true,"href":"http:\/\/www.ortizguerrero.com\/coomonte\/wp-json\/wp\/v2\/tags?post=611"}],"curies":[{"name":"wp","href":"https:\/\/api.w.org\/{rel}","templated":true}]}}