{"id":608,"date":"2014-05-02T18:18:15","date_gmt":"2014-05-02T17:18:15","guid":{"rendered":"http:\/\/www.daniel-ortiz.es\/coomonte\/?p=608"},"modified":"2014-05-02T18:19:57","modified_gmt":"2014-05-02T17:19:57","slug":"imagenes-de-la-crecida-del-rio-orbigo-2014","status":"publish","type":"post","link":"http:\/\/www.ortizguerrero.com\/coomonte\/2014\/05\/imagenes-de-la-crecida-del-rio-orbigo-2014\/","title":{"rendered":"Im\u00e1genes de la crecida del R\u00edo \u00d3rbigo (2014)"},"content":{"rendered":"<p>Algunas fotos sacadas durante el desbordamiento del \u00d3rbigo a su paso por Coomonte.<\/p>\n<!-- default-view.php -->\n<div\n\tclass=\"ngg-galleryoverview default-view \n\t ngg-ajax-pagination-none\t\"\n\tid=\"ngg-gallery-ecba151745bbd392cbdaf180651d536b-1\">\n\n\t\t<!-- Thumbnails -->\n\t\t\t\t<div id=\"ngg-image-0\" class=\"ngg-gallery-thumbnail-box \n\t\t\t\t\t\t\t\t\t\t\t\" \n\t\t\t>\n\t\t\t\t\t\t<div class=\"ngg-gallery-thumbnail\">\n\t\t\t<a href=\"http:\/\/www.ortizguerrero.com\/coomonte\/wp-content\/gallery\/crecida-del-orbigo-2014\/20140405_204518.jpg\"\n\t\t\t\ttitle=\"Atardecer sobre el agua.\"\n\t\t\t\tdata-src=\"http:\/\/www.ortizguerrero.com\/coomonte\/wp-content\/gallery\/crecida-del-orbigo-2014\/20140405_204518.jpg\"\n\t\t\t\tdata-thumbnail=\"http:\/\/www.ortizguerrero.com\/coomonte\/wp-content\/gallery\/crecida-del-orbigo-2014\/thumbs\/thumbs_20140405_204518.jpg\"\n\t\t\t\tdata-image-id=\"299\"\n\t\t\t\tdata-title=\"20140405_204518\"\n\t\t\t\tdata-description=\"Atardecer sobre el agua.\"\n\t\t\t\tdata-image-slug=\"20140405_204518\"\n\t\t\t\tclass=\"ngg-fancybox\" rel=\"ecba151745bbd392cbdaf180651d536b\">\n\t\t\t\t<img\n\t\t\t\t\ttitle=\"20140405_204518\"\n\t\t\t\t\talt=\"20140405_204518\"\n\t\t\t\t\tsrc=\"http:\/\/www.ortizguerrero.com\/coomonte\/wp-content\/gallery\/crecida-del-orbigo-2014\/thumbs\/thumbs_20140405_204518.jpg\"\n\t\t\t\t\twidth=\"120\"\n\t\t\t\t\theight=\"90\"\n\t\t\t\t\tstyle=\"max-width:100%;\"\n\t\t\t\t\/>\n\t\t\t<\/a>\n\t\t<\/div>\n\t\t\t\t\t\t\t<\/div> \n\t\t\t\n\t\t\t\t<div id=\"ngg-image-1\" class=\"ngg-gallery-thumbnail-box \n\t\t\t\t\t\t\t\t\t\t\t\" \n\t\t\t>\n\t\t\t\t\t\t<div class=\"ngg-gallery-thumbnail\">\n\t\t\t<a href=\"http:\/\/www.ortizguerrero.com\/coomonte\/wp-content\/gallery\/crecida-del-orbigo-2014\/20140405_204426.jpg\"\n\t\t\t\ttitle=\"Enfrente La Ermita.\"\n\t\t\t\tdata-src=\"http:\/\/www.ortizguerrero.com\/coomonte\/wp-content\/gallery\/crecida-del-orbigo-2014\/20140405_204426.jpg\"\n\t\t\t\tdata-thumbnail=\"http:\/\/www.ortizguerrero.com\/coomonte\/wp-content\/gallery\/crecida-del-orbigo-2014\/thumbs\/thumbs_20140405_204426.jpg\"\n\t\t\t\tdata-image-id=\"298\"\n\t\t\t\tdata-title=\"20140405_204426\"\n\t\t\t\tdata-description=\"Enfrente La Ermita.\"\n\t\t\t\tdata-image-slug=\"20140405_204426\"\n\t\t\t\tclass=\"ngg-fancybox\" rel=\"ecba151745bbd392cbdaf180651d536b\">\n\t\t\t\t<img\n\t\t\t\t\ttitle=\"20140405_204426\"\n\t\t\t\t\talt=\"20140405_204426\"\n\t\t\t\t\tsrc=\"http:\/\/www.ortizguerrero.com\/coomonte\/wp-content\/gallery\/crecida-del-orbigo-2014\/thumbs\/thumbs_20140405_204426.jpg\"\n\t\t\t\t\twidth=\"120\"\n\t\t\t\t\theight=\"90\"\n\t\t\t\t\tstyle=\"max-width:100%;\"\n\t\t\t\t\/>\n\t\t\t<\/a>\n\t\t<\/div>\n\t\t\t\t\t\t\t<\/div> \n\t\t\t\n\t\t\t\t<div id=\"ngg-image-2\" class=\"ngg-gallery-thumbnail-box \n\t\t\t\t\t\t\t\t\t\t\t\" \n\t\t\t>\n\t\t\t\t\t\t<div class=\"ngg-gallery-thumbnail\">\n\t\t\t<a href=\"http:\/\/www.ortizguerrero.com\/coomonte\/wp-content\/gallery\/crecida-del-orbigo-2014\/20140405_204331.jpg\"\n\t\t\t\ttitle=\"Agua y atardecer. Parece un estanque.\"\n\t\t\t\tdata-src=\"http:\/\/www.ortizguerrero.com\/coomonte\/wp-content\/gallery\/crecida-del-orbigo-2014\/20140405_204331.jpg\"\n\t\t\t\tdata-thumbnail=\"http:\/\/www.ortizguerrero.com\/coomonte\/wp-content\/gallery\/crecida-del-orbigo-2014\/thumbs\/thumbs_20140405_204331.jpg\"\n\t\t\t\tdata-image-id=\"297\"\n\t\t\t\tdata-title=\"20140405_204331\"\n\t\t\t\tdata-description=\"Agua y atardecer. Parece un estanque.\"\n\t\t\t\tdata-image-slug=\"20140405_204331\"\n\t\t\t\tclass=\"ngg-fancybox\" rel=\"ecba151745bbd392cbdaf180651d536b\">\n\t\t\t\t<img\n\t\t\t\t\ttitle=\"20140405_204331\"\n\t\t\t\t\talt=\"20140405_204331\"\n\t\t\t\t\tsrc=\"http:\/\/www.ortizguerrero.com\/coomonte\/wp-content\/gallery\/crecida-del-orbigo-2014\/thumbs\/thumbs_20140405_204331.jpg\"\n\t\t\t\t\twidth=\"120\"\n\t\t\t\t\theight=\"90\"\n\t\t\t\t\tstyle=\"max-width:100%;\"\n\t\t\t\t\/>\n\t\t\t<\/a>\n\t\t<\/div>\n\t\t\t\t\t\t\t<\/div> \n\t\t\t\n\t\t\t\t<div id=\"ngg-image-3\" class=\"ngg-gallery-thumbnail-box \n\t\t\t\t\t\t\t\t\t\t\t\" \n\t\t\t>\n\t\t\t\t\t\t<div class=\"ngg-gallery-thumbnail\">\n\t\t\t<a href=\"http:\/\/www.ortizguerrero.com\/coomonte\/wp-content\/gallery\/crecida-del-orbigo-2014\/20140405_204315.jpg\"\n\t\t\t\ttitle=\"M\u00e1s agua.\"\n\t\t\t\tdata-src=\"http:\/\/www.ortizguerrero.com\/coomonte\/wp-content\/gallery\/crecida-del-orbigo-2014\/20140405_204315.jpg\"\n\t\t\t\tdata-thumbnail=\"http:\/\/www.ortizguerrero.com\/coomonte\/wp-content\/gallery\/crecida-del-orbigo-2014\/thumbs\/thumbs_20140405_204315.jpg\"\n\t\t\t\tdata-image-id=\"296\"\n\t\t\t\tdata-title=\"20140405_204315\"\n\t\t\t\tdata-description=\"M\u00e1s agua.\"\n\t\t\t\tdata-image-slug=\"20140405_204315\"\n\t\t\t\tclass=\"ngg-fancybox\" rel=\"ecba151745bbd392cbdaf180651d536b\">\n\t\t\t\t<img\n\t\t\t\t\ttitle=\"20140405_204315\"\n\t\t\t\t\talt=\"20140405_204315\"\n\t\t\t\t\tsrc=\"http:\/\/www.ortizguerrero.com\/coomonte\/wp-content\/gallery\/crecida-del-orbigo-2014\/thumbs\/thumbs_20140405_204315.jpg\"\n\t\t\t\t\twidth=\"120\"\n\t\t\t\t\theight=\"90\"\n\t\t\t\t\tstyle=\"max-width:100%;\"\n\t\t\t\t\/>\n\t\t\t<\/a>\n\t\t<\/div>\n\t\t\t\t\t\t\t<\/div> \n\t\t\t\n\t\t\t\t<div id=\"ngg-image-4\" class=\"ngg-gallery-thumbnail-box \n\t\t\t\t\t\t\t\t\t\t\t\" \n\t\t\t>\n\t\t\t\t\t\t<div class=\"ngg-gallery-thumbnail\">\n\t\t\t<a href=\"http:\/\/www.ortizguerrero.com\/coomonte\/wp-content\/gallery\/crecida-del-orbigo-2014\/20140405_204002.jpg\"\n\t\t\t\ttitle=\"El Futbito, para jugar a Waterpolo.\"\n\t\t\t\tdata-src=\"http:\/\/www.ortizguerrero.com\/coomonte\/wp-content\/gallery\/crecida-del-orbigo-2014\/20140405_204002.jpg\"\n\t\t\t\tdata-thumbnail=\"http:\/\/www.ortizguerrero.com\/coomonte\/wp-content\/gallery\/crecida-del-orbigo-2014\/thumbs\/thumbs_20140405_204002.jpg\"\n\t\t\t\tdata-image-id=\"295\"\n\t\t\t\tdata-title=\"20140405_204002\"\n\t\t\t\tdata-description=\"El Futbito, para jugar a Waterpolo.\"\n\t\t\t\tdata-image-slug=\"20140405_204002\"\n\t\t\t\tclass=\"ngg-fancybox\" rel=\"ecba151745bbd392cbdaf180651d536b\">\n\t\t\t\t<img\n\t\t\t\t\ttitle=\"20140405_204002\"\n\t\t\t\t\talt=\"20140405_204002\"\n\t\t\t\t\tsrc=\"http:\/\/www.ortizguerrero.com\/coomonte\/wp-content\/gallery\/crecida-del-orbigo-2014\/thumbs\/thumbs_20140405_204002.jpg\"\n\t\t\t\t\twidth=\"120\"\n\t\t\t\t\theight=\"90\"\n\t\t\t\t\tstyle=\"max-width:100%;\"\n\t\t\t\t\/>\n\t\t\t<\/a>\n\t\t<\/div>\n\t\t\t\t\t\t\t<\/div> \n\t\t\t\n\t\t\t\t<div id=\"ngg-image-5\" class=\"ngg-gallery-thumbnail-box \n\t\t\t\t\t\t\t\t\t\t\t\" \n\t\t\t>\n\t\t\t\t\t\t<div class=\"ngg-gallery-thumbnail\">\n\t\t\t<a href=\"http:\/\/www.ortizguerrero.com\/coomonte\/wp-content\/gallery\/crecida-del-orbigo-2014\/20140405_203842.jpg\"\n\t\t\t\ttitle=\"El Pozo cerca del Futbito.\"\n\t\t\t\tdata-src=\"http:\/\/www.ortizguerrero.com\/coomonte\/wp-content\/gallery\/crecida-del-orbigo-2014\/20140405_203842.jpg\"\n\t\t\t\tdata-thumbnail=\"http:\/\/www.ortizguerrero.com\/coomonte\/wp-content\/gallery\/crecida-del-orbigo-2014\/thumbs\/thumbs_20140405_203842.jpg\"\n\t\t\t\tdata-image-id=\"294\"\n\t\t\t\tdata-title=\"20140405_203842\"\n\t\t\t\tdata-description=\"El Pozo cerca del Futbito.\"\n\t\t\t\tdata-image-slug=\"20140405_203842\"\n\t\t\t\tclass=\"ngg-fancybox\" rel=\"ecba151745bbd392cbdaf180651d536b\">\n\t\t\t\t<img\n\t\t\t\t\ttitle=\"20140405_203842\"\n\t\t\t\t\talt=\"20140405_203842\"\n\t\t\t\t\tsrc=\"http:\/\/www.ortizguerrero.com\/coomonte\/wp-content\/gallery\/crecida-del-orbigo-2014\/thumbs\/thumbs_20140405_203842.jpg\"\n\t\t\t\t\twidth=\"120\"\n\t\t\t\t\theight=\"90\"\n\t\t\t\t\tstyle=\"max-width:100%;\"\n\t\t\t\t\/>\n\t\t\t<\/a>\n\t\t<\/div>\n\t\t\t\t\t\t\t<\/div> \n\t\t\t\n\t\t\t\t<div id=\"ngg-image-6\" class=\"ngg-gallery-thumbnail-box \n\t\t\t\t\t\t\t\t\t\t\t\" \n\t\t\t>\n\t\t\t\t\t\t<div class=\"ngg-gallery-thumbnail\">\n\t\t\t<a href=\"http:\/\/www.ortizguerrero.com\/coomonte\/wp-content\/gallery\/crecida-del-orbigo-2014\/20140404_165012.jpg\"\n\t\t\t\ttitle=\"La Iglesia, y abajo y al fondo, el r\u00edo crecido.\"\n\t\t\t\tdata-src=\"http:\/\/www.ortizguerrero.com\/coomonte\/wp-content\/gallery\/crecida-del-orbigo-2014\/20140404_165012.jpg\"\n\t\t\t\tdata-thumbnail=\"http:\/\/www.ortizguerrero.com\/coomonte\/wp-content\/gallery\/crecida-del-orbigo-2014\/thumbs\/thumbs_20140404_165012.jpg\"\n\t\t\t\tdata-image-id=\"293\"\n\t\t\t\tdata-title=\"20140404_165012\"\n\t\t\t\tdata-description=\"La Iglesia, y abajo y al fondo, el r\u00edo crecido.\"\n\t\t\t\tdata-image-slug=\"20140404_165012\"\n\t\t\t\tclass=\"ngg-fancybox\" rel=\"ecba151745bbd392cbdaf180651d536b\">\n\t\t\t\t<img\n\t\t\t\t\ttitle=\"20140404_165012\"\n\t\t\t\t\talt=\"20140404_165012\"\n\t\t\t\t\tsrc=\"http:\/\/www.ortizguerrero.com\/coomonte\/wp-content\/gallery\/crecida-del-orbigo-2014\/thumbs\/thumbs_20140404_165012.jpg\"\n\t\t\t\t\twidth=\"120\"\n\t\t\t\t\theight=\"90\"\n\t\t\t\t\tstyle=\"max-width:100%;\"\n\t\t\t\t\/>\n\t\t\t<\/a>\n\t\t<\/div>\n\t\t\t\t\t\t\t<\/div> \n\t\t\t\n\t\t\t\t<div id=\"ngg-image-7\" class=\"ngg-gallery-thumbnail-box \n\t\t\t\t\t\t\t\t\t\t\t\" \n\t\t\t>\n\t\t\t\t\t\t<div class=\"ngg-gallery-thumbnail\">\n\t\t\t<a href=\"http:\/\/www.ortizguerrero.com\/coomonte\/wp-content\/gallery\/crecida-del-orbigo-2014\/20140404_165005.jpg\"\n\t\t\t\ttitle=\"Desde La Cuesta.\"\n\t\t\t\tdata-src=\"http:\/\/www.ortizguerrero.com\/coomonte\/wp-content\/gallery\/crecida-del-orbigo-2014\/20140404_165005.jpg\"\n\t\t\t\tdata-thumbnail=\"http:\/\/www.ortizguerrero.com\/coomonte\/wp-content\/gallery\/crecida-del-orbigo-2014\/thumbs\/thumbs_20140404_165005.jpg\"\n\t\t\t\tdata-image-id=\"292\"\n\t\t\t\tdata-title=\"20140404_165005\"\n\t\t\t\tdata-description=\"Desde La Cuesta.\"\n\t\t\t\tdata-image-slug=\"20140404_165005\"\n\t\t\t\tclass=\"ngg-fancybox\" rel=\"ecba151745bbd392cbdaf180651d536b\">\n\t\t\t\t<img\n\t\t\t\t\ttitle=\"20140404_165005\"\n\t\t\t\t\talt=\"20140404_165005\"\n\t\t\t\t\tsrc=\"http:\/\/www.ortizguerrero.com\/coomonte\/wp-content\/gallery\/crecida-del-orbigo-2014\/thumbs\/thumbs_20140404_165005.jpg\"\n\t\t\t\t\twidth=\"120\"\n\t\t\t\t\theight=\"90\"\n\t\t\t\t\tstyle=\"max-width:100%;\"\n\t\t\t\t\/>\n\t\t\t<\/a>\n\t\t<\/div>\n\t\t\t\t\t\t\t<\/div> \n\t\t\t\n\t\t\t\t<div id=\"ngg-image-8\" class=\"ngg-gallery-thumbnail-box \n\t\t\t\t\t\t\t\t\t\t\t\" \n\t\t\t>\n\t\t\t\t\t\t<div class=\"ngg-gallery-thumbnail\">\n\t\t\t<a href=\"http:\/\/www.ortizguerrero.com\/coomonte\/wp-content\/gallery\/crecida-del-orbigo-2014\/20140404_164958.jpg\"\n\t\t\t\ttitle=\"Desde La Cuesta.\"\n\t\t\t\tdata-src=\"http:\/\/www.ortizguerrero.com\/coomonte\/wp-content\/gallery\/crecida-del-orbigo-2014\/20140404_164958.jpg\"\n\t\t\t\tdata-thumbnail=\"http:\/\/www.ortizguerrero.com\/coomonte\/wp-content\/gallery\/crecida-del-orbigo-2014\/thumbs\/thumbs_20140404_164958.jpg\"\n\t\t\t\tdata-image-id=\"291\"\n\t\t\t\tdata-title=\"20140404_164958\"\n\t\t\t\tdata-description=\"Desde La Cuesta.\"\n\t\t\t\tdata-image-slug=\"20140404_164958\"\n\t\t\t\tclass=\"ngg-fancybox\" rel=\"ecba151745bbd392cbdaf180651d536b\">\n\t\t\t\t<img\n\t\t\t\t\ttitle=\"20140404_164958\"\n\t\t\t\t\talt=\"20140404_164958\"\n\t\t\t\t\tsrc=\"http:\/\/www.ortizguerrero.com\/coomonte\/wp-content\/gallery\/crecida-del-orbigo-2014\/thumbs\/thumbs_20140404_164958.jpg\"\n\t\t\t\t\twidth=\"120\"\n\t\t\t\t\theight=\"90\"\n\t\t\t\t\tstyle=\"max-width:100%;\"\n\t\t\t\t\/>\n\t\t\t<\/a>\n\t\t<\/div>\n\t\t\t\t\t\t\t<\/div> \n\t\t\t\n\t\t\t\t<div id=\"ngg-image-9\" class=\"ngg-gallery-thumbnail-box \n\t\t\t\t\t\t\t\t\t\t\t\" \n\t\t\t>\n\t\t\t\t\t\t<div class=\"ngg-gallery-thumbnail\">\n\t\t\t<a href=\"http:\/\/www.ortizguerrero.com\/coomonte\/wp-content\/gallery\/crecida-del-orbigo-2014\/20140404_164933.jpg\"\n\t\t\t\ttitle=\"Desde el mirador.\"\n\t\t\t\tdata-src=\"http:\/\/www.ortizguerrero.com\/coomonte\/wp-content\/gallery\/crecida-del-orbigo-2014\/20140404_164933.jpg\"\n\t\t\t\tdata-thumbnail=\"http:\/\/www.ortizguerrero.com\/coomonte\/wp-content\/gallery\/crecida-del-orbigo-2014\/thumbs\/thumbs_20140404_164933.jpg\"\n\t\t\t\tdata-image-id=\"290\"\n\t\t\t\tdata-title=\"20140404_164933\"\n\t\t\t\tdata-description=\"Desde el mirador.\"\n\t\t\t\tdata-image-slug=\"20140404_164933\"\n\t\t\t\tclass=\"ngg-fancybox\" rel=\"ecba151745bbd392cbdaf180651d536b\">\n\t\t\t\t<img\n\t\t\t\t\ttitle=\"20140404_164933\"\n\t\t\t\t\talt=\"20140404_164933\"\n\t\t\t\t\tsrc=\"http:\/\/www.ortizguerrero.com\/coomonte\/wp-content\/gallery\/crecida-del-orbigo-2014\/thumbs\/thumbs_20140404_164933.jpg\"\n\t\t\t\t\twidth=\"120\"\n\t\t\t\t\theight=\"90\"\n\t\t\t\t\tstyle=\"max-width:100%;\"\n\t\t\t\t\/>\n\t\t\t<\/a>\n\t\t<\/div>\n\t\t\t\t\t\t\t<\/div> \n\t\t\t\n\t\t\t\t<div id=\"ngg-image-10\" class=\"ngg-gallery-thumbnail-box \n\t\t\t\t\t\t\t\t\t\t\t\" \n\t\t\t>\n\t\t\t\t\t\t<div class=\"ngg-gallery-thumbnail\">\n\t\t\t<a href=\"http:\/\/www.ortizguerrero.com\/coomonte\/wp-content\/gallery\/crecida-del-orbigo-2014\/20140404_164930.jpg\"\n\t\t\t\ttitle=\"Desde La Cuesta.\"\n\t\t\t\tdata-src=\"http:\/\/www.ortizguerrero.com\/coomonte\/wp-content\/gallery\/crecida-del-orbigo-2014\/20140404_164930.jpg\"\n\t\t\t\tdata-thumbnail=\"http:\/\/www.ortizguerrero.com\/coomonte\/wp-content\/gallery\/crecida-del-orbigo-2014\/thumbs\/thumbs_20140404_164930.jpg\"\n\t\t\t\tdata-image-id=\"289\"\n\t\t\t\tdata-title=\"20140404_164930\"\n\t\t\t\tdata-description=\"Desde La Cuesta.\"\n\t\t\t\tdata-image-slug=\"20140404_164930\"\n\t\t\t\tclass=\"ngg-fancybox\" rel=\"ecba151745bbd392cbdaf180651d536b\">\n\t\t\t\t<img\n\t\t\t\t\ttitle=\"20140404_164930\"\n\t\t\t\t\talt=\"20140404_164930\"\n\t\t\t\t\tsrc=\"http:\/\/www.ortizguerrero.com\/coomonte\/wp-content\/gallery\/crecida-del-orbigo-2014\/thumbs\/thumbs_20140404_164930.jpg\"\n\t\t\t\t\twidth=\"120\"\n\t\t\t\t\theight=\"90\"\n\t\t\t\t\tstyle=\"max-width:100%;\"\n\t\t\t\t\/>\n\t\t\t<\/a>\n\t\t<\/div>\n\t\t\t\t\t\t\t<\/div> \n\t\t\t\n\t\t\t\t<div id=\"ngg-image-11\" class=\"ngg-gallery-thumbnail-box \n\t\t\t\t\t\t\t\t\t\t\t\" \n\t\t\t>\n\t\t\t\t\t\t<div class=\"ngg-gallery-thumbnail\">\n\t\t\t<a href=\"http:\/\/www.ortizguerrero.com\/coomonte\/wp-content\/gallery\/crecida-del-orbigo-2014\/20140404_164516.jpg\"\n\t\t\t\ttitle=\"Eras. Desde la carretera.\"\n\t\t\t\tdata-src=\"http:\/\/www.ortizguerrero.com\/coomonte\/wp-content\/gallery\/crecida-del-orbigo-2014\/20140404_164516.jpg\"\n\t\t\t\tdata-thumbnail=\"http:\/\/www.ortizguerrero.com\/coomonte\/wp-content\/gallery\/crecida-del-orbigo-2014\/thumbs\/thumbs_20140404_164516.jpg\"\n\t\t\t\tdata-image-id=\"288\"\n\t\t\t\tdata-title=\"20140404_164516\"\n\t\t\t\tdata-description=\"Eras. Desde la carretera.\"\n\t\t\t\tdata-image-slug=\"20140404_164516\"\n\t\t\t\tclass=\"ngg-fancybox\" rel=\"ecba151745bbd392cbdaf180651d536b\">\n\t\t\t\t<img\n\t\t\t\t\ttitle=\"20140404_164516\"\n\t\t\t\t\talt=\"20140404_164516\"\n\t\t\t\t\tsrc=\"http:\/\/www.ortizguerrero.com\/coomonte\/wp-content\/gallery\/crecida-del-orbigo-2014\/thumbs\/thumbs_20140404_164516.jpg\"\n\t\t\t\t\twidth=\"120\"\n\t\t\t\t\theight=\"90\"\n\t\t\t\t\tstyle=\"max-width:100%;\"\n\t\t\t\t\/>\n\t\t\t<\/a>\n\t\t<\/div>\n\t\t\t\t\t\t\t<\/div> \n\t\t\t\n\t\t\t\t<div id=\"ngg-image-12\" class=\"ngg-gallery-thumbnail-box \n\t\t\t\t\t\t\t\t\t\t\t\" \n\t\t\t>\n\t\t\t\t\t\t<div class=\"ngg-gallery-thumbnail\">\n\t\t\t<a href=\"http:\/\/www.ortizguerrero.com\/coomonte\/wp-content\/gallery\/crecida-del-orbigo-2014\/20140404_164315.jpg\"\n\t\t\t\ttitle=\"Las eras eran parte del R\u00edo.\"\n\t\t\t\tdata-src=\"http:\/\/www.ortizguerrero.com\/coomonte\/wp-content\/gallery\/crecida-del-orbigo-2014\/20140404_164315.jpg\"\n\t\t\t\tdata-thumbnail=\"http:\/\/www.ortizguerrero.com\/coomonte\/wp-content\/gallery\/crecida-del-orbigo-2014\/thumbs\/thumbs_20140404_164315.jpg\"\n\t\t\t\tdata-image-id=\"286\"\n\t\t\t\tdata-title=\"20140404_164315\"\n\t\t\t\tdata-description=\"Las eras eran parte del R\u00edo.\"\n\t\t\t\tdata-image-slug=\"20140404_164315\"\n\t\t\t\tclass=\"ngg-fancybox\" rel=\"ecba151745bbd392cbdaf180651d536b\">\n\t\t\t\t<img\n\t\t\t\t\ttitle=\"20140404_164315\"\n\t\t\t\t\talt=\"20140404_164315\"\n\t\t\t\t\tsrc=\"http:\/\/www.ortizguerrero.com\/coomonte\/wp-content\/gallery\/crecida-del-orbigo-2014\/thumbs\/thumbs_20140404_164315.jpg\"\n\t\t\t\t\twidth=\"120\"\n\t\t\t\t\theight=\"90\"\n\t\t\t\t\tstyle=\"max-width:100%;\"\n\t\t\t\t\/>\n\t\t\t<\/a>\n\t\t<\/div>\n\t\t\t\t\t\t\t<\/div> \n\t\t\t\n\t\t\t\t<div id=\"ngg-image-13\" class=\"ngg-gallery-thumbnail-box \n\t\t\t\t\t\t\t\t\t\t\t\" \n\t\t\t>\n\t\t\t\t\t\t<div class=\"ngg-gallery-thumbnail\">\n\t\t\t<a href=\"http:\/\/www.ortizguerrero.com\/coomonte\/wp-content\/gallery\/crecida-del-orbigo-2014\/20140404_164052.jpg\"\n\t\t\t\ttitle=\"Aunque parezca mentira, el agua flu\u00eda sobre el paseo de El Futbito.\"\n\t\t\t\tdata-src=\"http:\/\/www.ortizguerrero.com\/coomonte\/wp-content\/gallery\/crecida-del-orbigo-2014\/20140404_164052.jpg\"\n\t\t\t\tdata-thumbnail=\"http:\/\/www.ortizguerrero.com\/coomonte\/wp-content\/gallery\/crecida-del-orbigo-2014\/thumbs\/thumbs_20140404_164052.jpg\"\n\t\t\t\tdata-image-id=\"285\"\n\t\t\t\tdata-title=\"20140404_164052\"\n\t\t\t\tdata-description=\"Aunque parezca mentira, el agua flu\u00eda sobre el paseo de El Futbito.\"\n\t\t\t\tdata-image-slug=\"20140404_164052\"\n\t\t\t\tclass=\"ngg-fancybox\" rel=\"ecba151745bbd392cbdaf180651d536b\">\n\t\t\t\t<img\n\t\t\t\t\ttitle=\"20140404_164052\"\n\t\t\t\t\talt=\"20140404_164052\"\n\t\t\t\t\tsrc=\"http:\/\/www.ortizguerrero.com\/coomonte\/wp-content\/gallery\/crecida-del-orbigo-2014\/thumbs\/thumbs_20140404_164052.jpg\"\n\t\t\t\t\twidth=\"120\"\n\t\t\t\t\theight=\"90\"\n\t\t\t\t\tstyle=\"max-width:100%;\"\n\t\t\t\t\/>\n\t\t\t<\/a>\n\t\t<\/div>\n\t\t\t\t\t\t\t<\/div> \n\t\t\t\n\t\t\t\t<div id=\"ngg-image-14\" class=\"ngg-gallery-thumbnail-box \n\t\t\t\t\t\t\t\t\t\t\t\" \n\t\t\t>\n\t\t\t\t\t\t<div class=\"ngg-gallery-thumbnail\">\n\t\t\t<a href=\"http:\/\/www.ortizguerrero.com\/coomonte\/wp-content\/gallery\/crecida-del-orbigo-2014\/20140404_164040.jpg\"\n\t\t\t\ttitle=\"El \u00d3rbigo a su paso por...\"\n\t\t\t\tdata-src=\"http:\/\/www.ortizguerrero.com\/coomonte\/wp-content\/gallery\/crecida-del-orbigo-2014\/20140404_164040.jpg\"\n\t\t\t\tdata-thumbnail=\"http:\/\/www.ortizguerrero.com\/coomonte\/wp-content\/gallery\/crecida-del-orbigo-2014\/thumbs\/thumbs_20140404_164040.jpg\"\n\t\t\t\tdata-image-id=\"284\"\n\t\t\t\tdata-title=\"20140404_164040\"\n\t\t\t\tdata-description=\"El \u00d3rbigo a su paso por...\"\n\t\t\t\tdata-image-slug=\"20140404_164040\"\n\t\t\t\tclass=\"ngg-fancybox\" rel=\"ecba151745bbd392cbdaf180651d536b\">\n\t\t\t\t<img\n\t\t\t\t\ttitle=\"20140404_164040\"\n\t\t\t\t\talt=\"20140404_164040\"\n\t\t\t\t\tsrc=\"http:\/\/www.ortizguerrero.com\/coomonte\/wp-content\/gallery\/crecida-del-orbigo-2014\/thumbs\/thumbs_20140404_164040.jpg\"\n\t\t\t\t\twidth=\"120\"\n\t\t\t\t\theight=\"90\"\n\t\t\t\t\tstyle=\"max-width:100%;\"\n\t\t\t\t\/>\n\t\t\t<\/a>\n\t\t<\/div>\n\t\t\t\t\t\t\t<\/div> \n\t\t\t\n\t\t\t\t<div id=\"ngg-image-15\" class=\"ngg-gallery-thumbnail-box \n\t\t\t\t\t\t\t\t\t\t\t\" \n\t\t\t>\n\t\t\t\t\t\t<div class=\"ngg-gallery-thumbnail\">\n\t\t\t<a href=\"http:\/\/www.ortizguerrero.com\/coomonte\/wp-content\/gallery\/crecida-del-orbigo-2014\/20140404_164024.jpg\"\n\t\t\t\ttitle=\"Barandillas que separan el Paseo del Pozo... lo \u00fanico que sobresale al \u00d3rbigo.\"\n\t\t\t\tdata-src=\"http:\/\/www.ortizguerrero.com\/coomonte\/wp-content\/gallery\/crecida-del-orbigo-2014\/20140404_164024.jpg\"\n\t\t\t\tdata-thumbnail=\"http:\/\/www.ortizguerrero.com\/coomonte\/wp-content\/gallery\/crecida-del-orbigo-2014\/thumbs\/thumbs_20140404_164024.jpg\"\n\t\t\t\tdata-image-id=\"283\"\n\t\t\t\tdata-title=\"20140404_164024\"\n\t\t\t\tdata-description=\"Barandillas que separan el Paseo del Pozo... lo \u00fanico que sobresale al \u00d3rbigo.\"\n\t\t\t\tdata-image-slug=\"20140404_164024\"\n\t\t\t\tclass=\"ngg-fancybox\" rel=\"ecba151745bbd392cbdaf180651d536b\">\n\t\t\t\t<img\n\t\t\t\t\ttitle=\"20140404_164024\"\n\t\t\t\t\talt=\"20140404_164024\"\n\t\t\t\t\tsrc=\"http:\/\/www.ortizguerrero.com\/coomonte\/wp-content\/gallery\/crecida-del-orbigo-2014\/thumbs\/thumbs_20140404_164024.jpg\"\n\t\t\t\t\twidth=\"120\"\n\t\t\t\t\theight=\"90\"\n\t\t\t\t\tstyle=\"max-width:100%;\"\n\t\t\t\t\/>\n\t\t\t<\/a>\n\t\t<\/div>\n\t\t\t\t\t\t\t<\/div> \n\t\t\t\n\t\t\t\t<div id=\"ngg-image-16\" class=\"ngg-gallery-thumbnail-box \n\t\t\t\t\t\t\t\t\t\t\t\" \n\t\t\t>\n\t\t\t\t\t\t<div class=\"ngg-gallery-thumbnail\">\n\t\t\t<a href=\"http:\/\/www.ortizguerrero.com\/coomonte\/wp-content\/gallery\/crecida-del-orbigo-2014\/20140404_163955.jpg\"\n\t\t\t\ttitle=\"El Pozo a la altura del cartel de Coomonte.\"\n\t\t\t\tdata-src=\"http:\/\/www.ortizguerrero.com\/coomonte\/wp-content\/gallery\/crecida-del-orbigo-2014\/20140404_163955.jpg\"\n\t\t\t\tdata-thumbnail=\"http:\/\/www.ortizguerrero.com\/coomonte\/wp-content\/gallery\/crecida-del-orbigo-2014\/thumbs\/thumbs_20140404_163955.jpg\"\n\t\t\t\tdata-image-id=\"282\"\n\t\t\t\tdata-title=\"20140404_163955\"\n\t\t\t\tdata-description=\"El Pozo a la altura del cartel de Coomonte.\"\n\t\t\t\tdata-image-slug=\"20140404_163955\"\n\t\t\t\tclass=\"ngg-fancybox\" rel=\"ecba151745bbd392cbdaf180651d536b\">\n\t\t\t\t<img\n\t\t\t\t\ttitle=\"20140404_163955\"\n\t\t\t\t\talt=\"20140404_163955\"\n\t\t\t\t\tsrc=\"http:\/\/www.ortizguerrero.com\/coomonte\/wp-content\/gallery\/crecida-del-orbigo-2014\/thumbs\/thumbs_20140404_163955.jpg\"\n\t\t\t\t\twidth=\"120\"\n\t\t\t\t\theight=\"90\"\n\t\t\t\t\tstyle=\"max-width:100%;\"\n\t\t\t\t\/>\n\t\t\t<\/a>\n\t\t<\/div>\n\t\t\t\t\t\t\t<\/div> \n\t\t\t\n\t\t\t\t<div id=\"ngg-image-17\" class=\"ngg-gallery-thumbnail-box \n\t\t\t\t\t\t\t\t\t\t\t\" \n\t\t\t>\n\t\t\t\t\t\t<div class=\"ngg-gallery-thumbnail\">\n\t\t\t<a href=\"http:\/\/www.ortizguerrero.com\/coomonte\/wp-content\/gallery\/crecida-del-orbigo-2014\/20140404_163947.jpg\"\n\t\t\t\ttitle=\"El futbito cubierto.\"\n\t\t\t\tdata-src=\"http:\/\/www.ortizguerrero.com\/coomonte\/wp-content\/gallery\/crecida-del-orbigo-2014\/20140404_163947.jpg\"\n\t\t\t\tdata-thumbnail=\"http:\/\/www.ortizguerrero.com\/coomonte\/wp-content\/gallery\/crecida-del-orbigo-2014\/thumbs\/thumbs_20140404_163947.jpg\"\n\t\t\t\tdata-image-id=\"281\"\n\t\t\t\tdata-title=\"20140404_163947\"\n\t\t\t\tdata-description=\"El futbito cubierto.\"\n\t\t\t\tdata-image-slug=\"20140404_163947\"\n\t\t\t\tclass=\"ngg-fancybox\" rel=\"ecba151745bbd392cbdaf180651d536b\">\n\t\t\t\t<img\n\t\t\t\t\ttitle=\"20140404_163947\"\n\t\t\t\t\talt=\"20140404_163947\"\n\t\t\t\t\tsrc=\"http:\/\/www.ortizguerrero.com\/coomonte\/wp-content\/gallery\/crecida-del-orbigo-2014\/thumbs\/thumbs_20140404_163947.jpg\"\n\t\t\t\t\twidth=\"120\"\n\t\t\t\t\theight=\"90\"\n\t\t\t\t\tstyle=\"max-width:100%;\"\n\t\t\t\t\/>\n\t\t\t<\/a>\n\t\t<\/div>\n\t\t\t\t\t\t\t<\/div> \n\t\t\t\n\t\t\t\t<div id=\"ngg-image-18\" class=\"ngg-gallery-thumbnail-box \n\t\t\t\t\t\t\t\t\t\t\t\" \n\t\t\t>\n\t\t\t\t\t\t<div class=\"ngg-gallery-thumbnail\">\n\t\t\t<a href=\"http:\/\/www.ortizguerrero.com\/coomonte\/wp-content\/gallery\/crecida-del-orbigo-2014\/13629647915_7e43d19983_o.jpg\"\n\t\t\t\ttitle=\"Panoramica. Mar \u00d3rbigo. Casta\u00f1os y carretera.\"\n\t\t\t\tdata-src=\"http:\/\/www.ortizguerrero.com\/coomonte\/wp-content\/gallery\/crecida-del-orbigo-2014\/13629647915_7e43d19983_o.jpg\"\n\t\t\t\tdata-thumbnail=\"http:\/\/www.ortizguerrero.com\/coomonte\/wp-content\/gallery\/crecida-del-orbigo-2014\/thumbs\/thumbs_13629647915_7e43d19983_o.jpg\"\n\t\t\t\tdata-image-id=\"303\"\n\t\t\t\tdata-title=\"13629647915_7e43d19983_o\"\n\t\t\t\tdata-description=\"Panoramica. Mar \u00d3rbigo. Casta\u00f1os y carretera.\"\n\t\t\t\tdata-image-slug=\"13629647915_7e43d19983_o\"\n\t\t\t\tclass=\"ngg-fancybox\" rel=\"ecba151745bbd392cbdaf180651d536b\">\n\t\t\t\t<img\n\t\t\t\t\ttitle=\"13629647915_7e43d19983_o\"\n\t\t\t\t\talt=\"13629647915_7e43d19983_o\"\n\t\t\t\t\tsrc=\"http:\/\/www.ortizguerrero.com\/coomonte\/wp-content\/gallery\/crecida-del-orbigo-2014\/thumbs\/thumbs_13629647915_7e43d19983_o.jpg\"\n\t\t\t\t\twidth=\"120\"\n\t\t\t\t\theight=\"90\"\n\t\t\t\t\tstyle=\"max-width:100%;\"\n\t\t\t\t\/>\n\t\t\t<\/a>\n\t\t<\/div>\n\t\t\t\t\t\t\t<\/div> \n\t\t\t\n\t\n\t<br style=\"clear: both\" \/>\n\n\t\t<div class=\"slideshowlink\">\n\t\t<a href='http:\/\/www.ortizguerrero.com\/coomonte\/2014\/05\/imagenes-de-la-crecida-del-rio-orbigo-2014\/nggallery\/slideshow'>[Show slideshow]<\/a>\n\t\t\n\t<\/div>\n\t\n\t\t<!-- Pagination -->\n\t\t<div class='ngg-clear'><\/div>\t<\/div>\n\n","protected":false},"excerpt":{"rendered":"<p>Algunas fotos sacadas durante el desbordamiento del \u00d3rbigo a su paso por Coomonte.<\/p>\n","protected":false},"author":1,"featured_media":235,"comment_status":"closed","ping_status":"closed","sticky":false,"template":"","format":"gallery","meta":{"ngg_post_thumbnail":0,"footnotes":""},"categories":[5],"tags":[28,30,29],"_links":{"self":[{"href":"http:\/\/www.ortizguerrero.com\/coomonte\/wp-json\/wp\/v2\/posts\/608"}],"collection":[{"href":"http:\/\/www.ortizguerrero.com\/coomonte\/wp-json\/wp\/v2\/posts"}],"about":[{"href":"http:\/\/www.ortizguerrero.com\/coomonte\/wp-json\/wp\/v2\/types\/post"}],"author":[{"embeddable":true,"href":"http:\/\/www.ortizguerrero.com\/coomonte\/wp-json\/wp\/v2\/users\/1"}],"replies":[{"embeddable":true,"href":"http:\/\/www.ortizguerrero.com\/coomonte\/wp-json\/wp\/v2\/comments?post=608"}],"version-history":[{"count":1,"href":"http:\/\/www.ortizguerrero.com\/coomonte\/wp-json\/wp\/v2\/posts\/608\/revisions"}],"predecessor-version":[{"id":609,"href":"http:\/\/www.ortizguerrero.com\/coomonte\/wp-json\/wp\/v2\/posts\/608\/revisions\/609"}],"wp:featuredmedia":[{"embeddable":true,"href":"http:\/\/www.ortizguerrero.com\/coomonte\/wp-json\/wp\/v2\/media\/235"}],"wp:attachment":[{"href":"http:\/\/www.ortizguerrero.com\/coomonte\/wp-json\/wp\/v2\/media?parent=608"}],"wp:term":[{"taxonomy":"category","embeddable":true,"href":"http:\/\/www.ortizguerrero.com\/coomonte\/wp-json\/wp\/v2\/categories?post=608"},{"taxonomy":"post_tag","embeddable":true,"href":"http:\/\/www.ortizguerrero.com\/coomonte\/wp-json\/wp\/v2\/tags?post=608"}],"curies":[{"name":"wp","href":"https:\/\/api.w.org\/{rel}","templated":true}]}}