{"id":2646,"date":"2023-05-09T12:00:34","date_gmt":"2023-05-09T11:00:34","guid":{"rendered":"http:\/\/www.ortizguerrero.com\/coomonte\/?p=2646"},"modified":"2023-05-09T12:03:10","modified_gmt":"2023-05-09T11:03:10","slug":"fotografias-de-semana-santa-2023","status":"publish","type":"post","link":"http:\/\/www.ortizguerrero.com\/coomonte\/2023\/05\/fotografias-de-semana-santa-2023\/","title":{"rendered":"Fotograf\u00edas de Semana Santa 2023"},"content":{"rendered":"<!-- default-view.php -->\n<div\n\tclass=\"ngg-galleryoverview default-view \n\t ngg-ajax-pagination-none\t\"\n\tid=\"ngg-gallery-6dbe4b785fbe4db22e229ba959a3ab79-1\">\n\n\t\t<!-- Thumbnails -->\n\t\t\t\t<div id=\"ngg-image-0\" class=\"ngg-gallery-thumbnail-box \n\t\t\t\t\t\t\t\t\t\t\t\" \n\t\t\t>\n\t\t\t\t\t\t<div class=\"ngg-gallery-thumbnail\">\n\t\t\t<a href=\"http:\/\/www.ortizguerrero.com\/coomonte\/wp-content\/gallery\/semana-santa-2023\/1_IMG_0406.JPG\"\n\t\t\t\ttitle=\"Al llegar a la Iglesia de San Juan\"\n\t\t\t\tdata-src=\"http:\/\/www.ortizguerrero.com\/coomonte\/wp-content\/gallery\/semana-santa-2023\/1_IMG_0406.JPG\"\n\t\t\t\tdata-thumbnail=\"http:\/\/www.ortizguerrero.com\/coomonte\/wp-content\/gallery\/semana-santa-2023\/thumbs\/thumbs_1_IMG_0406.JPG\"\n\t\t\t\tdata-image-id=\"870\"\n\t\t\t\tdata-title=\"Procesi\u00f3n de La Soledad\"\n\t\t\t\tdata-description=\"Al llegar a la Iglesia de San Juan\"\n\t\t\t\tdata-image-slug=\"1_img_0406\"\n\t\t\t\tclass=\"ngg-fancybox\" rel=\"6dbe4b785fbe4db22e229ba959a3ab79\">\n\t\t\t\t<img\n\t\t\t\t\ttitle=\"Procesi\u00f3n de La Soledad\"\n\t\t\t\t\talt=\"Procesi\u00f3n de La Soledad\"\n\t\t\t\t\tsrc=\"http:\/\/www.ortizguerrero.com\/coomonte\/wp-content\/gallery\/semana-santa-2023\/thumbs\/thumbs_1_IMG_0406.JPG\"\n\t\t\t\t\twidth=\"120\"\n\t\t\t\t\theight=\"90\"\n\t\t\t\t\tstyle=\"max-width:100%;\"\n\t\t\t\t\/>\n\t\t\t<\/a>\n\t\t<\/div>\n\t\t\t\t\t\t\t<\/div> \n\t\t\t\n\t\t\t\t<div id=\"ngg-image-1\" class=\"ngg-gallery-thumbnail-box \n\t\t\t\t\t\t\t\t\t\t\t\" \n\t\t\t>\n\t\t\t\t\t\t<div class=\"ngg-gallery-thumbnail\">\n\t\t\t<a href=\"http:\/\/www.ortizguerrero.com\/coomonte\/wp-content\/gallery\/semana-santa-2023\/1_IMG_0354.JPG\"\n\t\t\t\ttitle=\"Procesi\u00f3n nocturna de La Soledad a su paso por la Calle La R\u00faa.\"\n\t\t\t\tdata-src=\"http:\/\/www.ortizguerrero.com\/coomonte\/wp-content\/gallery\/semana-santa-2023\/1_IMG_0354.JPG\"\n\t\t\t\tdata-thumbnail=\"http:\/\/www.ortizguerrero.com\/coomonte\/wp-content\/gallery\/semana-santa-2023\/thumbs\/thumbs_1_IMG_0354.JPG\"\n\t\t\t\tdata-image-id=\"869\"\n\t\t\t\tdata-title=\"Procesi\u00f3n de La Soledad\"\n\t\t\t\tdata-description=\"Procesi\u00f3n nocturna de La Soledad a su paso por la Calle La R\u00faa.\"\n\t\t\t\tdata-image-slug=\"1_img_0354\"\n\t\t\t\tclass=\"ngg-fancybox\" rel=\"6dbe4b785fbe4db22e229ba959a3ab79\">\n\t\t\t\t<img\n\t\t\t\t\ttitle=\"Procesi\u00f3n de La Soledad\"\n\t\t\t\t\talt=\"Procesi\u00f3n de La Soledad\"\n\t\t\t\t\tsrc=\"http:\/\/www.ortizguerrero.com\/coomonte\/wp-content\/gallery\/semana-santa-2023\/thumbs\/thumbs_1_IMG_0354.JPG\"\n\t\t\t\t\twidth=\"120\"\n\t\t\t\t\theight=\"90\"\n\t\t\t\t\tstyle=\"max-width:100%;\"\n\t\t\t\t\/>\n\t\t\t<\/a>\n\t\t<\/div>\n\t\t\t\t\t\t\t<\/div> \n\t\t\t\n\t\t\t\t<div id=\"ngg-image-2\" class=\"ngg-gallery-thumbnail-box \n\t\t\t\t\t\t\t\t\t\t\t\" \n\t\t\t>\n\t\t\t\t\t\t<div class=\"ngg-gallery-thumbnail\">\n\t\t\t<a href=\"http:\/\/www.ortizguerrero.com\/coomonte\/wp-content\/gallery\/semana-santa-2023\/1_IMG_0445.JPG\"\n\t\t\t\ttitle=\"Nabos floreados para decorar el Arco de Pascua.\"\n\t\t\t\tdata-src=\"http:\/\/www.ortizguerrero.com\/coomonte\/wp-content\/gallery\/semana-santa-2023\/1_IMG_0445.JPG\"\n\t\t\t\tdata-thumbnail=\"http:\/\/www.ortizguerrero.com\/coomonte\/wp-content\/gallery\/semana-santa-2023\/thumbs\/thumbs_1_IMG_0445.JPG\"\n\t\t\t\tdata-image-id=\"871\"\n\t\t\t\tdata-title=\"Elementos decorativos\"\n\t\t\t\tdata-description=\"Nabos floreados para decorar el Arco de Pascua.\"\n\t\t\t\tdata-image-slug=\"1_img_0445\"\n\t\t\t\tclass=\"ngg-fancybox\" rel=\"6dbe4b785fbe4db22e229ba959a3ab79\">\n\t\t\t\t<img\n\t\t\t\t\ttitle=\"Elementos decorativos\"\n\t\t\t\t\talt=\"Elementos decorativos\"\n\t\t\t\t\tsrc=\"http:\/\/www.ortizguerrero.com\/coomonte\/wp-content\/gallery\/semana-santa-2023\/thumbs\/thumbs_1_IMG_0445.JPG\"\n\t\t\t\t\twidth=\"120\"\n\t\t\t\t\theight=\"90\"\n\t\t\t\t\tstyle=\"max-width:100%;\"\n\t\t\t\t\/>\n\t\t\t<\/a>\n\t\t<\/div>\n\t\t\t\t\t\t\t<\/div> \n\t\t\t\n\t\t\t\t<div id=\"ngg-image-3\" class=\"ngg-gallery-thumbnail-box \n\t\t\t\t\t\t\t\t\t\t\t\" \n\t\t\t>\n\t\t\t\t\t\t<div class=\"ngg-gallery-thumbnail\">\n\t\t\t<a href=\"http:\/\/www.ortizguerrero.com\/coomonte\/wp-content\/gallery\/semana-santa-2023\/20230408_203651.jpg\"\n\t\t\t\ttitle=\"\"\n\t\t\t\tdata-src=\"http:\/\/www.ortizguerrero.com\/coomonte\/wp-content\/gallery\/semana-santa-2023\/20230408_203651.jpg\"\n\t\t\t\tdata-thumbnail=\"http:\/\/www.ortizguerrero.com\/coomonte\/wp-content\/gallery\/semana-santa-2023\/thumbs\/thumbs_20230408_203651.jpg\"\n\t\t\t\tdata-image-id=\"866\"\n\t\t\t\tdata-title=\"Arco de Pascua\"\n\t\t\t\tdata-description=\"\"\n\t\t\t\tdata-image-slug=\"20230408_203651\"\n\t\t\t\tclass=\"ngg-fancybox\" rel=\"6dbe4b785fbe4db22e229ba959a3ab79\">\n\t\t\t\t<img\n\t\t\t\t\ttitle=\"Arco de Pascua\"\n\t\t\t\t\talt=\"Arco de Pascua\"\n\t\t\t\t\tsrc=\"http:\/\/www.ortizguerrero.com\/coomonte\/wp-content\/gallery\/semana-santa-2023\/thumbs\/thumbs_20230408_203651.jpg\"\n\t\t\t\t\twidth=\"120\"\n\t\t\t\t\theight=\"90\"\n\t\t\t\t\tstyle=\"max-width:100%;\"\n\t\t\t\t\/>\n\t\t\t<\/a>\n\t\t<\/div>\n\t\t\t\t\t\t\t<\/div> \n\t\t\t\n\t\t\t\t<div id=\"ngg-image-4\" class=\"ngg-gallery-thumbnail-box \n\t\t\t\t\t\t\t\t\t\t\t\" \n\t\t\t>\n\t\t\t\t\t\t<div class=\"ngg-gallery-thumbnail\">\n\t\t\t<a href=\"http:\/\/www.ortizguerrero.com\/coomonte\/wp-content\/gallery\/semana-santa-2023\/IMG_0347.JPG\"\n\t\t\t\ttitle=\"Procesi\u00f3n de La Soledad\"\n\t\t\t\tdata-src=\"http:\/\/www.ortizguerrero.com\/coomonte\/wp-content\/gallery\/semana-santa-2023\/IMG_0347.JPG\"\n\t\t\t\tdata-thumbnail=\"http:\/\/www.ortizguerrero.com\/coomonte\/wp-content\/gallery\/semana-santa-2023\/thumbs\/thumbs_IMG_0347.JPG\"\n\t\t\t\tdata-image-id=\"868\"\n\t\t\t\tdata-title=\"La Soledad\"\n\t\t\t\tdata-description=\"Procesi\u00f3n de La Soledad\"\n\t\t\t\tdata-image-slug=\"img_0347\"\n\t\t\t\tclass=\"ngg-fancybox\" rel=\"6dbe4b785fbe4db22e229ba959a3ab79\">\n\t\t\t\t<img\n\t\t\t\t\ttitle=\"La Soledad\"\n\t\t\t\t\talt=\"La Soledad\"\n\t\t\t\t\tsrc=\"http:\/\/www.ortizguerrero.com\/coomonte\/wp-content\/gallery\/semana-santa-2023\/thumbs\/thumbs_IMG_0347.JPG\"\n\t\t\t\t\twidth=\"120\"\n\t\t\t\t\theight=\"90\"\n\t\t\t\t\tstyle=\"max-width:100%;\"\n\t\t\t\t\/>\n\t\t\t<\/a>\n\t\t<\/div>\n\t\t\t\t\t\t\t<\/div> \n\t\t\t\n\t\t\t\t<div id=\"ngg-image-5\" class=\"ngg-gallery-thumbnail-box \n\t\t\t\t\t\t\t\t\t\t\t\" \n\t\t\t>\n\t\t\t\t\t\t<div class=\"ngg-gallery-thumbnail\">\n\t\t\t<a href=\"http:\/\/www.ortizguerrero.com\/coomonte\/wp-content\/gallery\/semana-santa-2023\/20230408_202656.jpg\"\n\t\t\t\ttitle=\"Los quintos -no s\u00e9 de qu\u00e9 a\u00f1o- levantando el Arco de Pascua\"\n\t\t\t\tdata-src=\"http:\/\/www.ortizguerrero.com\/coomonte\/wp-content\/gallery\/semana-santa-2023\/20230408_202656.jpg\"\n\t\t\t\tdata-thumbnail=\"http:\/\/www.ortizguerrero.com\/coomonte\/wp-content\/gallery\/semana-santa-2023\/thumbs\/thumbs_20230408_202656.jpg\"\n\t\t\t\tdata-image-id=\"865\"\n\t\t\t\tdata-title=\"Levantando el Arco\"\n\t\t\t\tdata-description=\"Los quintos -no s\u00e9 de qu\u00e9 a\u00f1o- levantando el Arco de Pascua\"\n\t\t\t\tdata-image-slug=\"20230408_202656\"\n\t\t\t\tclass=\"ngg-fancybox\" rel=\"6dbe4b785fbe4db22e229ba959a3ab79\">\n\t\t\t\t<img\n\t\t\t\t\ttitle=\"Levantando el Arco\"\n\t\t\t\t\talt=\"Levantando el Arco\"\n\t\t\t\t\tsrc=\"http:\/\/www.ortizguerrero.com\/coomonte\/wp-content\/gallery\/semana-santa-2023\/thumbs\/thumbs_20230408_202656.jpg\"\n\t\t\t\t\twidth=\"120\"\n\t\t\t\t\theight=\"90\"\n\t\t\t\t\tstyle=\"max-width:100%;\"\n\t\t\t\t\/>\n\t\t\t<\/a>\n\t\t<\/div>\n\t\t\t\t\t\t\t<\/div> \n\t\t\t\n\t\t\t\t<div id=\"ngg-image-6\" class=\"ngg-gallery-thumbnail-box \n\t\t\t\t\t\t\t\t\t\t\t\" \n\t\t\t>\n\t\t\t\t\t\t<div class=\"ngg-gallery-thumbnail\">\n\t\t\t<a href=\"http:\/\/www.ortizguerrero.com\/coomonte\/wp-content\/gallery\/semana-santa-2023\/20230408_200049.jpg\"\n\t\t\t\ttitle=\"Arco de Pascua\"\n\t\t\t\tdata-src=\"http:\/\/www.ortizguerrero.com\/coomonte\/wp-content\/gallery\/semana-santa-2023\/20230408_200049.jpg\"\n\t\t\t\tdata-thumbnail=\"http:\/\/www.ortizguerrero.com\/coomonte\/wp-content\/gallery\/semana-santa-2023\/thumbs\/thumbs_20230408_200049.jpg\"\n\t\t\t\tdata-image-id=\"863\"\n\t\t\t\tdata-title=\"Detalles del Arco\"\n\t\t\t\tdata-description=\"Arco de Pascua\"\n\t\t\t\tdata-image-slug=\"20230408_200049\"\n\t\t\t\tclass=\"ngg-fancybox\" rel=\"6dbe4b785fbe4db22e229ba959a3ab79\">\n\t\t\t\t<img\n\t\t\t\t\ttitle=\"Detalles del Arco\"\n\t\t\t\t\talt=\"Detalles del Arco\"\n\t\t\t\t\tsrc=\"http:\/\/www.ortizguerrero.com\/coomonte\/wp-content\/gallery\/semana-santa-2023\/thumbs\/thumbs_20230408_200049.jpg\"\n\t\t\t\t\twidth=\"120\"\n\t\t\t\t\theight=\"90\"\n\t\t\t\t\tstyle=\"max-width:100%;\"\n\t\t\t\t\/>\n\t\t\t<\/a>\n\t\t<\/div>\n\t\t\t\t\t\t\t<\/div> \n\t\t\t\n\t\t\t\t<div id=\"ngg-image-7\" class=\"ngg-gallery-thumbnail-box \n\t\t\t\t\t\t\t\t\t\t\t\" \n\t\t\t>\n\t\t\t\t\t\t<div class=\"ngg-gallery-thumbnail\">\n\t\t\t<a href=\"http:\/\/www.ortizguerrero.com\/coomonte\/wp-content\/gallery\/semana-santa-2023\/20230408_201107.jpg\"\n\t\t\t\ttitle=\"Oficios del Arco\"\n\t\t\t\tdata-src=\"http:\/\/www.ortizguerrero.com\/coomonte\/wp-content\/gallery\/semana-santa-2023\/20230408_201107.jpg\"\n\t\t\t\tdata-thumbnail=\"http:\/\/www.ortizguerrero.com\/coomonte\/wp-content\/gallery\/semana-santa-2023\/thumbs\/thumbs_20230408_201107.jpg\"\n\t\t\t\tdata-image-id=\"864\"\n\t\t\t\tdata-title=\"Detalles del Arco de Pascua\"\n\t\t\t\tdata-description=\"Oficios del Arco\"\n\t\t\t\tdata-image-slug=\"20230408_201107\"\n\t\t\t\tclass=\"ngg-fancybox\" rel=\"6dbe4b785fbe4db22e229ba959a3ab79\">\n\t\t\t\t<img\n\t\t\t\t\ttitle=\"Detalles del Arco de Pascua\"\n\t\t\t\t\talt=\"Detalles del Arco de Pascua\"\n\t\t\t\t\tsrc=\"http:\/\/www.ortizguerrero.com\/coomonte\/wp-content\/gallery\/semana-santa-2023\/thumbs\/thumbs_20230408_201107.jpg\"\n\t\t\t\t\twidth=\"120\"\n\t\t\t\t\theight=\"90\"\n\t\t\t\t\tstyle=\"max-width:100%;\"\n\t\t\t\t\/>\n\t\t\t<\/a>\n\t\t<\/div>\n\t\t\t\t\t\t\t<\/div> \n\t\t\t\n\t\t\t\t<div id=\"ngg-image-8\" class=\"ngg-gallery-thumbnail-box \n\t\t\t\t\t\t\t\t\t\t\t\" \n\t\t\t>\n\t\t\t\t\t\t<div class=\"ngg-gallery-thumbnail\">\n\t\t\t<a href=\"http:\/\/www.ortizguerrero.com\/coomonte\/wp-content\/gallery\/semana-santa-2023\/IMG_0377.JPG\"\n\t\t\t\ttitle=\"Cruz de La Soledad\"\n\t\t\t\tdata-src=\"http:\/\/www.ortizguerrero.com\/coomonte\/wp-content\/gallery\/semana-santa-2023\/IMG_0377.JPG\"\n\t\t\t\tdata-thumbnail=\"http:\/\/www.ortizguerrero.com\/coomonte\/wp-content\/gallery\/semana-santa-2023\/thumbs\/thumbs_IMG_0377.JPG\"\n\t\t\t\tdata-image-id=\"844\"\n\t\t\t\tdata-title=\"Cruz de La Soledad\"\n\t\t\t\tdata-description=\"Cruz de La Soledad\"\n\t\t\t\tdata-image-slug=\"img_0377\"\n\t\t\t\tclass=\"ngg-fancybox\" rel=\"6dbe4b785fbe4db22e229ba959a3ab79\">\n\t\t\t\t<img\n\t\t\t\t\ttitle=\"Cruz de La Soledad\"\n\t\t\t\t\talt=\"Cruz de La Soledad\"\n\t\t\t\t\tsrc=\"http:\/\/www.ortizguerrero.com\/coomonte\/wp-content\/gallery\/semana-santa-2023\/thumbs\/thumbs_IMG_0377.JPG\"\n\t\t\t\t\twidth=\"120\"\n\t\t\t\t\theight=\"90\"\n\t\t\t\t\tstyle=\"max-width:100%;\"\n\t\t\t\t\/>\n\t\t\t<\/a>\n\t\t<\/div>\n\t\t\t\t\t\t\t<\/div> \n\t\t\t\n\t\t\t\t<div id=\"ngg-image-9\" class=\"ngg-gallery-thumbnail-box \n\t\t\t\t\t\t\t\t\t\t\t\" \n\t\t\t>\n\t\t\t\t\t\t<div class=\"ngg-gallery-thumbnail\">\n\t\t\t<a href=\"http:\/\/www.ortizguerrero.com\/coomonte\/wp-content\/gallery\/semana-santa-2023\/IMG_0387.JPG\"\n\t\t\t\ttitle=\"La Soledad\"\n\t\t\t\tdata-src=\"http:\/\/www.ortizguerrero.com\/coomonte\/wp-content\/gallery\/semana-santa-2023\/IMG_0387.JPG\"\n\t\t\t\tdata-thumbnail=\"http:\/\/www.ortizguerrero.com\/coomonte\/wp-content\/gallery\/semana-santa-2023\/thumbs\/thumbs_IMG_0387.JPG\"\n\t\t\t\tdata-image-id=\"845\"\n\t\t\t\tdata-title=\"Procesi\u00f3n de La Soledad\"\n\t\t\t\tdata-description=\"La Soledad\"\n\t\t\t\tdata-image-slug=\"img_0387\"\n\t\t\t\tclass=\"ngg-fancybox\" rel=\"6dbe4b785fbe4db22e229ba959a3ab79\">\n\t\t\t\t<img\n\t\t\t\t\ttitle=\"Procesi\u00f3n de La Soledad\"\n\t\t\t\t\talt=\"Procesi\u00f3n de La Soledad\"\n\t\t\t\t\tsrc=\"http:\/\/www.ortizguerrero.com\/coomonte\/wp-content\/gallery\/semana-santa-2023\/thumbs\/thumbs_IMG_0387.JPG\"\n\t\t\t\t\twidth=\"120\"\n\t\t\t\t\theight=\"90\"\n\t\t\t\t\tstyle=\"max-width:100%;\"\n\t\t\t\t\/>\n\t\t\t<\/a>\n\t\t<\/div>\n\t\t\t\t\t\t\t<\/div> \n\t\t\t\n\t\t\t\t<div id=\"ngg-image-10\" class=\"ngg-gallery-thumbnail-box \n\t\t\t\t\t\t\t\t\t\t\t\" \n\t\t\t>\n\t\t\t\t\t\t<div class=\"ngg-gallery-thumbnail\">\n\t\t\t<a href=\"http:\/\/www.ortizguerrero.com\/coomonte\/wp-content\/gallery\/semana-santa-2023\/IMG_0393.JPG\"\n\t\t\t\ttitle=\"La Soledad\"\n\t\t\t\tdata-src=\"http:\/\/www.ortizguerrero.com\/coomonte\/wp-content\/gallery\/semana-santa-2023\/IMG_0393.JPG\"\n\t\t\t\tdata-thumbnail=\"http:\/\/www.ortizguerrero.com\/coomonte\/wp-content\/gallery\/semana-santa-2023\/thumbs\/thumbs_IMG_0393.JPG\"\n\t\t\t\tdata-image-id=\"846\"\n\t\t\t\tdata-title=\"Procesi\u00f3n de La Soledad\"\n\t\t\t\tdata-description=\"La Soledad\"\n\t\t\t\tdata-image-slug=\"img_0393\"\n\t\t\t\tclass=\"ngg-fancybox\" rel=\"6dbe4b785fbe4db22e229ba959a3ab79\">\n\t\t\t\t<img\n\t\t\t\t\ttitle=\"Procesi\u00f3n de La Soledad\"\n\t\t\t\t\talt=\"Procesi\u00f3n de La Soledad\"\n\t\t\t\t\tsrc=\"http:\/\/www.ortizguerrero.com\/coomonte\/wp-content\/gallery\/semana-santa-2023\/thumbs\/thumbs_IMG_0393.JPG\"\n\t\t\t\t\twidth=\"120\"\n\t\t\t\t\theight=\"90\"\n\t\t\t\t\tstyle=\"max-width:100%;\"\n\t\t\t\t\/>\n\t\t\t<\/a>\n\t\t<\/div>\n\t\t\t\t\t\t\t<\/div> \n\t\t\t\n\t\t\t\t<div id=\"ngg-image-11\" class=\"ngg-gallery-thumbnail-box \n\t\t\t\t\t\t\t\t\t\t\t\" \n\t\t\t>\n\t\t\t\t\t\t<div class=\"ngg-gallery-thumbnail\">\n\t\t\t<a href=\"http:\/\/www.ortizguerrero.com\/coomonte\/wp-content\/gallery\/semana-santa-2023\/IMG_0406.JPG\"\n\t\t\t\ttitle=\"La soledad\"\n\t\t\t\tdata-src=\"http:\/\/www.ortizguerrero.com\/coomonte\/wp-content\/gallery\/semana-santa-2023\/IMG_0406.JPG\"\n\t\t\t\tdata-thumbnail=\"http:\/\/www.ortizguerrero.com\/coomonte\/wp-content\/gallery\/semana-santa-2023\/thumbs\/thumbs_IMG_0406.JPG\"\n\t\t\t\tdata-image-id=\"847\"\n\t\t\t\tdata-title=\"La Soledad\"\n\t\t\t\tdata-description=\"La soledad\"\n\t\t\t\tdata-image-slug=\"img_0406\"\n\t\t\t\tclass=\"ngg-fancybox\" rel=\"6dbe4b785fbe4db22e229ba959a3ab79\">\n\t\t\t\t<img\n\t\t\t\t\ttitle=\"La Soledad\"\n\t\t\t\t\talt=\"La Soledad\"\n\t\t\t\t\tsrc=\"http:\/\/www.ortizguerrero.com\/coomonte\/wp-content\/gallery\/semana-santa-2023\/thumbs\/thumbs_IMG_0406.JPG\"\n\t\t\t\t\twidth=\"120\"\n\t\t\t\t\theight=\"90\"\n\t\t\t\t\tstyle=\"max-width:100%;\"\n\t\t\t\t\/>\n\t\t\t<\/a>\n\t\t<\/div>\n\t\t\t\t\t\t\t<\/div> \n\t\t\t\n\t\t\t\t<div id=\"ngg-image-12\" class=\"ngg-gallery-thumbnail-box \n\t\t\t\t\t\t\t\t\t\t\t\" \n\t\t\t>\n\t\t\t\t\t\t<div class=\"ngg-gallery-thumbnail\">\n\t\t\t<a href=\"http:\/\/www.ortizguerrero.com\/coomonte\/wp-content\/gallery\/semana-santa-2023\/IMG_0431.JPG\"\n\t\t\t\ttitle=\"Materia prima para el Arco\"\n\t\t\t\tdata-src=\"http:\/\/www.ortizguerrero.com\/coomonte\/wp-content\/gallery\/semana-santa-2023\/IMG_0431.JPG\"\n\t\t\t\tdata-thumbnail=\"http:\/\/www.ortizguerrero.com\/coomonte\/wp-content\/gallery\/semana-santa-2023\/thumbs\/thumbs_IMG_0431.JPG\"\n\t\t\t\tdata-image-id=\"848\"\n\t\t\t\tdata-title=\"Otra del Arco\"\n\t\t\t\tdata-description=\"Materia prima para el Arco\"\n\t\t\t\tdata-image-slug=\"img_0431\"\n\t\t\t\tclass=\"ngg-fancybox\" rel=\"6dbe4b785fbe4db22e229ba959a3ab79\">\n\t\t\t\t<img\n\t\t\t\t\ttitle=\"Otra del Arco\"\n\t\t\t\t\talt=\"Otra del Arco\"\n\t\t\t\t\tsrc=\"http:\/\/www.ortizguerrero.com\/coomonte\/wp-content\/gallery\/semana-santa-2023\/thumbs\/thumbs_IMG_0431.JPG\"\n\t\t\t\t\twidth=\"120\"\n\t\t\t\t\theight=\"90\"\n\t\t\t\t\tstyle=\"max-width:100%;\"\n\t\t\t\t\/>\n\t\t\t<\/a>\n\t\t<\/div>\n\t\t\t\t\t\t\t<\/div> \n\t\t\t\n\t\t\t\t<div id=\"ngg-image-13\" class=\"ngg-gallery-thumbnail-box \n\t\t\t\t\t\t\t\t\t\t\t\" \n\t\t\t>\n\t\t\t\t\t\t<div class=\"ngg-gallery-thumbnail\">\n\t\t\t<a href=\"http:\/\/www.ortizguerrero.com\/coomonte\/wp-content\/gallery\/semana-santa-2023\/IMG_0455.JPG\"\n\t\t\t\ttitle=\"\"\n\t\t\t\tdata-src=\"http:\/\/www.ortizguerrero.com\/coomonte\/wp-content\/gallery\/semana-santa-2023\/IMG_0455.JPG\"\n\t\t\t\tdata-thumbnail=\"http:\/\/www.ortizguerrero.com\/coomonte\/wp-content\/gallery\/semana-santa-2023\/thumbs\/thumbs_IMG_0455.JPG\"\n\t\t\t\tdata-image-id=\"850\"\n\t\t\t\tdata-title=\"El Arco en producci\u00f3n\"\n\t\t\t\tdata-description=\"\"\n\t\t\t\tdata-image-slug=\"img_0455\"\n\t\t\t\tclass=\"ngg-fancybox\" rel=\"6dbe4b785fbe4db22e229ba959a3ab79\">\n\t\t\t\t<img\n\t\t\t\t\ttitle=\"El Arco en producci\u00f3n\"\n\t\t\t\t\talt=\"El Arco en producci\u00f3n\"\n\t\t\t\t\tsrc=\"http:\/\/www.ortizguerrero.com\/coomonte\/wp-content\/gallery\/semana-santa-2023\/thumbs\/thumbs_IMG_0455.JPG\"\n\t\t\t\t\twidth=\"120\"\n\t\t\t\t\theight=\"90\"\n\t\t\t\t\tstyle=\"max-width:100%;\"\n\t\t\t\t\/>\n\t\t\t<\/a>\n\t\t<\/div>\n\t\t\t\t\t\t\t<\/div> \n\t\t\t\n\t\t\t\t<div id=\"ngg-image-14\" class=\"ngg-gallery-thumbnail-box \n\t\t\t\t\t\t\t\t\t\t\t\" \n\t\t\t>\n\t\t\t\t\t\t<div class=\"ngg-gallery-thumbnail\">\n\t\t\t<a href=\"http:\/\/www.ortizguerrero.com\/coomonte\/wp-content\/gallery\/semana-santa-2023\/IMG_0429.JPG\"\n\t\t\t\ttitle=\"\"\n\t\t\t\tdata-src=\"http:\/\/www.ortizguerrero.com\/coomonte\/wp-content\/gallery\/semana-santa-2023\/IMG_0429.JPG\"\n\t\t\t\tdata-thumbnail=\"http:\/\/www.ortizguerrero.com\/coomonte\/wp-content\/gallery\/semana-santa-2023\/thumbs\/thumbs_IMG_0429.JPG\"\n\t\t\t\tdata-image-id=\"851\"\n\t\t\t\tdata-title=\"Buscando el Arco\"\n\t\t\t\tdata-description=\"\"\n\t\t\t\tdata-image-slug=\"img_0429\"\n\t\t\t\tclass=\"ngg-fancybox\" rel=\"6dbe4b785fbe4db22e229ba959a3ab79\">\n\t\t\t\t<img\n\t\t\t\t\ttitle=\"Buscando el Arco\"\n\t\t\t\t\talt=\"Buscando el Arco\"\n\t\t\t\t\tsrc=\"http:\/\/www.ortizguerrero.com\/coomonte\/wp-content\/gallery\/semana-santa-2023\/thumbs\/thumbs_IMG_0429.JPG\"\n\t\t\t\t\twidth=\"120\"\n\t\t\t\t\theight=\"90\"\n\t\t\t\t\tstyle=\"max-width:100%;\"\n\t\t\t\t\/>\n\t\t\t<\/a>\n\t\t<\/div>\n\t\t\t\t\t\t\t<\/div> \n\t\t\t\n\t\t\t\t<div id=\"ngg-image-15\" class=\"ngg-gallery-thumbnail-box \n\t\t\t\t\t\t\t\t\t\t\t\" \n\t\t\t>\n\t\t\t\t\t\t<div class=\"ngg-gallery-thumbnail\">\n\t\t\t<a href=\"http:\/\/www.ortizguerrero.com\/coomonte\/wp-content\/gallery\/semana-santa-2023\/IMG_0469.JPG\"\n\t\t\t\ttitle=\"\"\n\t\t\t\tdata-src=\"http:\/\/www.ortizguerrero.com\/coomonte\/wp-content\/gallery\/semana-santa-2023\/IMG_0469.JPG\"\n\t\t\t\tdata-thumbnail=\"http:\/\/www.ortizguerrero.com\/coomonte\/wp-content\/gallery\/semana-santa-2023\/thumbs\/thumbs_IMG_0469.JPG\"\n\t\t\t\tdata-image-id=\"852\"\n\t\t\t\tdata-title=\"Decoraci\u00f3n para el Arco\"\n\t\t\t\tdata-description=\"\"\n\t\t\t\tdata-image-slug=\"img_0469\"\n\t\t\t\tclass=\"ngg-fancybox\" rel=\"6dbe4b785fbe4db22e229ba959a3ab79\">\n\t\t\t\t<img\n\t\t\t\t\ttitle=\"Decoraci\u00f3n para el Arco\"\n\t\t\t\t\talt=\"Decoraci\u00f3n para el Arco\"\n\t\t\t\t\tsrc=\"http:\/\/www.ortizguerrero.com\/coomonte\/wp-content\/gallery\/semana-santa-2023\/thumbs\/thumbs_IMG_0469.JPG\"\n\t\t\t\t\twidth=\"120\"\n\t\t\t\t\theight=\"90\"\n\t\t\t\t\tstyle=\"max-width:100%;\"\n\t\t\t\t\/>\n\t\t\t<\/a>\n\t\t<\/div>\n\t\t\t\t\t\t\t<\/div> \n\t\t\t\n\t\t\t\t<div id=\"ngg-image-16\" class=\"ngg-gallery-thumbnail-box \n\t\t\t\t\t\t\t\t\t\t\t\" \n\t\t\t>\n\t\t\t\t\t\t<div class=\"ngg-gallery-thumbnail\">\n\t\t\t<a href=\"http:\/\/www.ortizguerrero.com\/coomonte\/wp-content\/gallery\/semana-santa-2023\/IMG_0470.JPG\"\n\t\t\t\ttitle=\"\"\n\t\t\t\tdata-src=\"http:\/\/www.ortizguerrero.com\/coomonte\/wp-content\/gallery\/semana-santa-2023\/IMG_0470.JPG\"\n\t\t\t\tdata-thumbnail=\"http:\/\/www.ortizguerrero.com\/coomonte\/wp-content\/gallery\/semana-santa-2023\/thumbs\/thumbs_IMG_0470.JPG\"\n\t\t\t\tdata-image-id=\"853\"\n\t\t\t\tdata-title=\"Arco de bamb\u00fa\"\n\t\t\t\tdata-description=\"\"\n\t\t\t\tdata-image-slug=\"img_0470\"\n\t\t\t\tclass=\"ngg-fancybox\" rel=\"6dbe4b785fbe4db22e229ba959a3ab79\">\n\t\t\t\t<img\n\t\t\t\t\ttitle=\"Arco de bamb\u00fa\"\n\t\t\t\t\talt=\"Arco de bamb\u00fa\"\n\t\t\t\t\tsrc=\"http:\/\/www.ortizguerrero.com\/coomonte\/wp-content\/gallery\/semana-santa-2023\/thumbs\/thumbs_IMG_0470.JPG\"\n\t\t\t\t\twidth=\"120\"\n\t\t\t\t\theight=\"90\"\n\t\t\t\t\tstyle=\"max-width:100%;\"\n\t\t\t\t\/>\n\t\t\t<\/a>\n\t\t<\/div>\n\t\t\t\t\t\t\t<\/div> \n\t\t\t\n\t\t\t\t<div id=\"ngg-image-17\" class=\"ngg-gallery-thumbnail-box \n\t\t\t\t\t\t\t\t\t\t\t\" \n\t\t\t>\n\t\t\t\t\t\t<div class=\"ngg-gallery-thumbnail\">\n\t\t\t<a href=\"http:\/\/www.ortizguerrero.com\/coomonte\/wp-content\/gallery\/semana-santa-2023\/IMG_0302.JPG\"\n\t\t\t\ttitle=\"\"\n\t\t\t\tdata-src=\"http:\/\/www.ortizguerrero.com\/coomonte\/wp-content\/gallery\/semana-santa-2023\/IMG_0302.JPG\"\n\t\t\t\tdata-thumbnail=\"http:\/\/www.ortizguerrero.com\/coomonte\/wp-content\/gallery\/semana-santa-2023\/thumbs\/thumbs_IMG_0302.JPG\"\n\t\t\t\tdata-image-id=\"835\"\n\t\t\t\tdata-title=\"Procesi\u00f3n de El Nazareno e imagen\"\n\t\t\t\tdata-description=\"\"\n\t\t\t\tdata-image-slug=\"img_0302\"\n\t\t\t\tclass=\"ngg-fancybox\" rel=\"6dbe4b785fbe4db22e229ba959a3ab79\">\n\t\t\t\t<img\n\t\t\t\t\ttitle=\"Procesi\u00f3n de El Nazareno e imagen\"\n\t\t\t\t\talt=\"Procesi\u00f3n de El Nazareno e imagen\"\n\t\t\t\t\tsrc=\"http:\/\/www.ortizguerrero.com\/coomonte\/wp-content\/gallery\/semana-santa-2023\/thumbs\/thumbs_IMG_0302.JPG\"\n\t\t\t\t\twidth=\"120\"\n\t\t\t\t\theight=\"90\"\n\t\t\t\t\tstyle=\"max-width:100%;\"\n\t\t\t\t\/>\n\t\t\t<\/a>\n\t\t<\/div>\n\t\t\t\t\t\t\t<\/div> \n\t\t\t\n\t\t\t\t<div id=\"ngg-image-18\" class=\"ngg-gallery-thumbnail-box \n\t\t\t\t\t\t\t\t\t\t\t\" \n\t\t\t>\n\t\t\t\t\t\t<div class=\"ngg-gallery-thumbnail\">\n\t\t\t<a href=\"http:\/\/www.ortizguerrero.com\/coomonte\/wp-content\/gallery\/semana-santa-2023\/IMG_0326.JPG\"\n\t\t\t\ttitle=\"Imagen de Mar\u00eda la Virgen\"\n\t\t\t\tdata-src=\"http:\/\/www.ortizguerrero.com\/coomonte\/wp-content\/gallery\/semana-santa-2023\/IMG_0326.JPG\"\n\t\t\t\tdata-thumbnail=\"http:\/\/www.ortizguerrero.com\/coomonte\/wp-content\/gallery\/semana-santa-2023\/thumbs\/thumbs_IMG_0326.JPG\"\n\t\t\t\tdata-image-id=\"836\"\n\t\t\t\tdata-title=\"Procesi\u00f3n de El Nazareno\"\n\t\t\t\tdata-description=\"Imagen de Mar\u00eda la Virgen\"\n\t\t\t\tdata-image-slug=\"img_0326\"\n\t\t\t\tclass=\"ngg-fancybox\" rel=\"6dbe4b785fbe4db22e229ba959a3ab79\">\n\t\t\t\t<img\n\t\t\t\t\ttitle=\"Procesi\u00f3n de El Nazareno\"\n\t\t\t\t\talt=\"Procesi\u00f3n de El Nazareno\"\n\t\t\t\t\tsrc=\"http:\/\/www.ortizguerrero.com\/coomonte\/wp-content\/gallery\/semana-santa-2023\/thumbs\/thumbs_IMG_0326.JPG\"\n\t\t\t\t\twidth=\"120\"\n\t\t\t\t\theight=\"90\"\n\t\t\t\t\tstyle=\"max-width:100%;\"\n\t\t\t\t\/>\n\t\t\t<\/a>\n\t\t<\/div>\n\t\t\t\t\t\t\t<\/div> \n\t\t\t\n\t\t\t\t<div id=\"ngg-image-19\" class=\"ngg-gallery-thumbnail-box \n\t\t\t\t\t\t\t\t\t\t\t\" \n\t\t\t>\n\t\t\t\t\t\t<div class=\"ngg-gallery-thumbnail\">\n\t\t\t<a href=\"http:\/\/www.ortizguerrero.com\/coomonte\/wp-content\/gallery\/semana-santa-2023\/IMG_0304.JPG\"\n\t\t\t\ttitle=\"\"\n\t\t\t\tdata-src=\"http:\/\/www.ortizguerrero.com\/coomonte\/wp-content\/gallery\/semana-santa-2023\/IMG_0304.JPG\"\n\t\t\t\tdata-thumbnail=\"http:\/\/www.ortizguerrero.com\/coomonte\/wp-content\/gallery\/semana-santa-2023\/thumbs\/thumbs_IMG_0304.JPG\"\n\t\t\t\tdata-image-id=\"837\"\n\t\t\t\tdata-title=\"Procesi\u00f3n de El Nazareno\"\n\t\t\t\tdata-description=\"\"\n\t\t\t\tdata-image-slug=\"img_0304\"\n\t\t\t\tclass=\"ngg-fancybox\" rel=\"6dbe4b785fbe4db22e229ba959a3ab79\">\n\t\t\t\t<img\n\t\t\t\t\ttitle=\"Procesi\u00f3n de El Nazareno\"\n\t\t\t\t\talt=\"Procesi\u00f3n de El Nazareno\"\n\t\t\t\t\tsrc=\"http:\/\/www.ortizguerrero.com\/coomonte\/wp-content\/gallery\/semana-santa-2023\/thumbs\/thumbs_IMG_0304.JPG\"\n\t\t\t\t\twidth=\"120\"\n\t\t\t\t\theight=\"90\"\n\t\t\t\t\tstyle=\"max-width:100%;\"\n\t\t\t\t\/>\n\t\t\t<\/a>\n\t\t<\/div>\n\t\t\t\t\t\t\t<\/div> \n\t\t\t\n\t\n\t<br style=\"clear: both\" \/>\n\n\t\t<div class=\"slideshowlink\">\n\t\t<a href='http:\/\/www.ortizguerrero.com\/coomonte\/2023\/05\/fotografias-de-semana-santa-2023\/nggallery\/slideshow'>[Show slideshow]<\/a>\n\t\t\n\t<\/div>\n\t\n\t\t<!-- Pagination -->\n\t\t<div class='ngg-navigation'><span class='current'>1<\/span>\n<a class='page-numbers' data-pageid='2' href='http:\/\/www.ortizguerrero.com\/coomonte\/2023\/05\/fotografias-de-semana-santa-2023\/nggallery\/page\/2'>2<\/a>\n<a class='page-numbers' data-pageid='3' href='http:\/\/www.ortizguerrero.com\/coomonte\/2023\/05\/fotografias-de-semana-santa-2023\/nggallery\/page\/3'>3<\/a>\n<a class='prev' href='http:\/\/www.ortizguerrero.com\/coomonte\/2023\/05\/fotografias-de-semana-santa-2023\/nggallery\/page\/2' data-pageid=2>&#9658;<\/a><\/div>\t<\/div>\n\n","protected":false},"excerpt":{"rendered":"","protected":false},"author":1,"featured_media":2650,"comment_status":"closed","ping_status":"closed","sticky":false,"template":"","format":"standard","meta":{"ngg_post_thumbnail":857,"footnotes":""},"categories":[9,5],"tags":[],"_links":{"self":[{"href":"http:\/\/www.ortizguerrero.com\/coomonte\/wp-json\/wp\/v2\/posts\/2646"}],"collection":[{"href":"http:\/\/www.ortizguerrero.com\/coomonte\/wp-json\/wp\/v2\/posts"}],"about":[{"href":"http:\/\/www.ortizguerrero.com\/coomonte\/wp-json\/wp\/v2\/types\/post"}],"author":[{"embeddable":true,"href":"http:\/\/www.ortizguerrero.com\/coomonte\/wp-json\/wp\/v2\/users\/1"}],"replies":[{"embeddable":true,"href":"http:\/\/www.ortizguerrero.com\/coomonte\/wp-json\/wp\/v2\/comments?post=2646"}],"version-history":[{"count":3,"href":"http:\/\/www.ortizguerrero.com\/coomonte\/wp-json\/wp\/v2\/posts\/2646\/revisions"}],"predecessor-version":[{"id":2649,"href":"http:\/\/www.ortizguerrero.com\/coomonte\/wp-json\/wp\/v2\/posts\/2646\/revisions\/2649"}],"wp:featuredmedia":[{"embeddable":true,"href":"http:\/\/www.ortizguerrero.com\/coomonte\/wp-json\/wp\/v2\/media\/2650"}],"wp:attachment":[{"href":"http:\/\/www.ortizguerrero.com\/coomonte\/wp-json\/wp\/v2\/media?parent=2646"}],"wp:term":[{"taxonomy":"category","embeddable":true,"href":"http:\/\/www.ortizguerrero.com\/coomonte\/wp-json\/wp\/v2\/categories?post=2646"},{"taxonomy":"post_tag","embeddable":true,"href":"http:\/\/www.ortizguerrero.com\/coomonte\/wp-json\/wp\/v2\/tags?post=2646"}],"curies":[{"name":"wp","href":"https:\/\/api.w.org\/{rel}","templated":true}]}}