{"id":2407,"date":"2016-06-25T14:46:09","date_gmt":"2016-06-25T13:46:09","guid":{"rendered":"http:\/\/www.ortizguerrero.com\/coomonte\/?p=2407"},"modified":"2016-06-25T14:46:09","modified_gmt":"2016-06-25T13:46:09","slug":"fiestas-de-san-juan-en-coomonte-dias-1-2-y-3-de-julio","status":"publish","type":"post","link":"http:\/\/www.ortizguerrero.com\/coomonte\/2016\/06\/fiestas-de-san-juan-en-coomonte-dias-1-2-y-3-de-julio\/","title":{"rendered":"Fiestas de San Juan en Coomonte: d\u00edas 1, 2 y 3 de julio"},"content":{"rendered":"<p>Las fiestas de este a\u00f1o, que ser\u00e1n el primer fin de semana de julio vienen con el siguiente programa:<\/p>\n<p><img loading=\"lazy\" decoding=\"async\" class=\"aligncenter wp-image-2408 size-full\" src=\"http:\/\/www.ortizguerrero.com\/coomonte\/wp-content\/uploads\/2016\/06\/13335710_1125390367502302_6133314873094680227_n.jpg\" alt=\"13335710_1125390367502302_6133314873094680227_n\" width=\"688\" height=\"960\" srcset=\"http:\/\/www.ortizguerrero.com\/coomonte\/wp-content\/uploads\/2016\/06\/13335710_1125390367502302_6133314873094680227_n.jpg 688w, http:\/\/www.ortizguerrero.com\/coomonte\/wp-content\/uploads\/2016\/06\/13335710_1125390367502302_6133314873094680227_n-215x300.jpg 215w\" sizes=\"(max-width: 688px) 100vw, 688px\" \/><\/p>\n<p>Adem\u00e1s, la tradicional quedada en Bici de Monta\u00f1a que, esta vez, se celebra el s\u00e1bado por la tarde.<br \/>\n<img loading=\"lazy\" decoding=\"async\" class=\"aligncenter wp-image-2410 size-full\" src=\"http:\/\/www.ortizguerrero.com\/coomonte\/wp-content\/uploads\/2016\/06\/13445429_10153636183375770_5754830242075899797_n.jpg\" alt=\"13445429_10153636183375770_5754830242075899797_n\" width=\"277\" height=\"395\" srcset=\"http:\/\/www.ortizguerrero.com\/coomonte\/wp-content\/uploads\/2016\/06\/13445429_10153636183375770_5754830242075899797_n.jpg 277w, http:\/\/www.ortizguerrero.com\/coomonte\/wp-content\/uploads\/2016\/06\/13445429_10153636183375770_5754830242075899797_n-210x300.jpg 210w\" sizes=\"(max-width: 277px) 100vw, 277px\" \/><\/p>\n","protected":false},"excerpt":{"rendered":"<p>Las fiestas de este a\u00f1o, que ser\u00e1n el primer fin de semana de julio vienen con el siguiente programa: Adem\u00e1s, la tradicional quedada en Bici de Monta\u00f1a que, esta vez, se celebra el s\u00e1bado por la tarde.<\/p>\n","protected":false},"author":1,"featured_media":2411,"comment_status":"closed","ping_status":"closed","sticky":false,"template":"","format":"standard","meta":{"ngg_post_thumbnail":0,"footnotes":""},"categories":[4],"tags":[],"_links":{"self":[{"href":"http:\/\/www.ortizguerrero.com\/coomonte\/wp-json\/wp\/v2\/posts\/2407"}],"collection":[{"href":"http:\/\/www.ortizguerrero.com\/coomonte\/wp-json\/wp\/v2\/posts"}],"about":[{"href":"http:\/\/www.ortizguerrero.com\/coomonte\/wp-json\/wp\/v2\/types\/post"}],"author":[{"embeddable":true,"href":"http:\/\/www.ortizguerrero.com\/coomonte\/wp-json\/wp\/v2\/users\/1"}],"replies":[{"embeddable":true,"href":"http:\/\/www.ortizguerrero.com\/coomonte\/wp-json\/wp\/v2\/comments?post=2407"}],"version-history":[{"count":1,"href":"http:\/\/www.ortizguerrero.com\/coomonte\/wp-json\/wp\/v2\/posts\/2407\/revisions"}],"predecessor-version":[{"id":2412,"href":"http:\/\/www.ortizguerrero.com\/coomonte\/wp-json\/wp\/v2\/posts\/2407\/revisions\/2412"}],"wp:featuredmedia":[{"embeddable":true,"href":"http:\/\/www.ortizguerrero.com\/coomonte\/wp-json\/wp\/v2\/media\/2411"}],"wp:attachment":[{"href":"http:\/\/www.ortizguerrero.com\/coomonte\/wp-json\/wp\/v2\/media?parent=2407"}],"wp:term":[{"taxonomy":"category","embeddable":true,"href":"http:\/\/www.ortizguerrero.com\/coomonte\/wp-json\/wp\/v2\/categories?post=2407"},{"taxonomy":"post_tag","embeddable":true,"href":"http:\/\/www.ortizguerrero.com\/coomonte\/wp-json\/wp\/v2\/tags?post=2407"}],"curies":[{"name":"wp","href":"https:\/\/api.w.org\/{rel}","templated":true}]}}