{"id":2260,"date":"2016-04-25T11:11:42","date_gmt":"2016-04-25T10:11:42","guid":{"rendered":"http:\/\/www.ortizguerrero.com\/coomonte\/?p=2260"},"modified":"2016-04-20T18:18:27","modified_gmt":"2016-04-20T17:18:27","slug":"levantamiento-del-mayo-sabado-30-de-abril","status":"publish","type":"post","link":"http:\/\/www.ortizguerrero.com\/coomonte\/2016\/04\/levantamiento-del-mayo-sabado-30-de-abril\/","title":{"rendered":"Levantamiento del Mayo: s\u00e1bado 30 de abril"},"content":{"rendered":"<p style=\"text-align: justify;\">Desde esta p\u00e1gina queremos dar a conocer el evento de esta tradici\u00f3n popular en toda la comarca del \u00d3rbigo -y desde hace algunos a\u00f1os, tambi\u00e9n en nuestro pueblo- que se celebra durante el mes de mayo. El d\u00eda 30 de abril se va a proceder a al levantamiento y colocaci\u00f3n del Mayo. Esta popular tradici\u00f3n de la regi\u00f3n leonesa viene a sustituir en nuestro pueblo al m\u00e1s propio arco de Pascua que se levantaba los domingos de resurrecci\u00f3n de hace unos a\u00f1os. Se invita a participar y al m\u00f3dico precio de 5 euros, se podr\u00e1 participar en la cena.<\/p>\n<p><a href=\"http:\/\/www.ortizguerrero.com\/coomonte\/?attachment_id=2261\" rel=\"attachment wp-att-2261\"><img loading=\"lazy\" decoding=\"async\" class=\"aligncenter wp-image-2261 size-full\" src=\"http:\/\/www.ortizguerrero.com\/coomonte\/wp-content\/uploads\/2016\/04\/47ecc2e8-9f97-4a96-a1ad-faa73078e767-e1461172424753.jpg\" alt=\"47ecc2e8-9f97-4a96-a1ad-faa73078e767\" width=\"900\" height=\"1232\" srcset=\"http:\/\/www.ortizguerrero.com\/coomonte\/wp-content\/uploads\/2016\/04\/47ecc2e8-9f97-4a96-a1ad-faa73078e767-e1461172424753.jpg 900w, http:\/\/www.ortizguerrero.com\/coomonte\/wp-content\/uploads\/2016\/04\/47ecc2e8-9f97-4a96-a1ad-faa73078e767-e1461172424753-219x300.jpg 219w, http:\/\/www.ortizguerrero.com\/coomonte\/wp-content\/uploads\/2016\/04\/47ecc2e8-9f97-4a96-a1ad-faa73078e767-e1461172424753-768x1051.jpg 768w, http:\/\/www.ortizguerrero.com\/coomonte\/wp-content\/uploads\/2016\/04\/47ecc2e8-9f97-4a96-a1ad-faa73078e767-e1461172424753-748x1024.jpg 748w\" sizes=\"(max-width: 900px) 100vw, 900px\" \/><\/a><\/p>\n","protected":false},"excerpt":{"rendered":"<p>Desde esta p\u00e1gina queremos dar a conocer el evento de esta tradici\u00f3n popular en toda la comarca del \u00d3rbigo -y desde hace algunos a\u00f1os, tambi\u00e9n en nuestro pueblo- que se celebra durante el mes de mayo. El d\u00eda 30 de abril se va a proceder a al levantamiento y colocaci\u00f3n del Mayo. Esta popular tradici\u00f3n [&hellip;]<\/p>\n","protected":false},"author":1,"featured_media":681,"comment_status":"closed","ping_status":"closed","sticky":false,"template":"","format":"standard","meta":{"ngg_post_thumbnail":0,"footnotes":""},"categories":[9,4],"tags":[],"_links":{"self":[{"href":"http:\/\/www.ortizguerrero.com\/coomonte\/wp-json\/wp\/v2\/posts\/2260"}],"collection":[{"href":"http:\/\/www.ortizguerrero.com\/coomonte\/wp-json\/wp\/v2\/posts"}],"about":[{"href":"http:\/\/www.ortizguerrero.com\/coomonte\/wp-json\/wp\/v2\/types\/post"}],"author":[{"embeddable":true,"href":"http:\/\/www.ortizguerrero.com\/coomonte\/wp-json\/wp\/v2\/users\/1"}],"replies":[{"embeddable":true,"href":"http:\/\/www.ortizguerrero.com\/coomonte\/wp-json\/wp\/v2\/comments?post=2260"}],"version-history":[{"count":2,"href":"http:\/\/www.ortizguerrero.com\/coomonte\/wp-json\/wp\/v2\/posts\/2260\/revisions"}],"predecessor-version":[{"id":2263,"href":"http:\/\/www.ortizguerrero.com\/coomonte\/wp-json\/wp\/v2\/posts\/2260\/revisions\/2263"}],"wp:featuredmedia":[{"embeddable":true,"href":"http:\/\/www.ortizguerrero.com\/coomonte\/wp-json\/wp\/v2\/media\/681"}],"wp:attachment":[{"href":"http:\/\/www.ortizguerrero.com\/coomonte\/wp-json\/wp\/v2\/media?parent=2260"}],"wp:term":[{"taxonomy":"category","embeddable":true,"href":"http:\/\/www.ortizguerrero.com\/coomonte\/wp-json\/wp\/v2\/categories?post=2260"},{"taxonomy":"post_tag","embeddable":true,"href":"http:\/\/www.ortizguerrero.com\/coomonte\/wp-json\/wp\/v2\/tags?post=2260"}],"curies":[{"name":"wp","href":"https:\/\/api.w.org\/{rel}","templated":true}]}}