{"id":2254,"date":"2016-04-20T18:09:01","date_gmt":"2016-04-20T17:09:01","guid":{"rendered":"http:\/\/www.ortizguerrero.com\/coomonte\/?p=2254"},"modified":"2016-04-20T18:10:38","modified_gmt":"2016-04-20T17:10:38","slug":"programa-de-las-fiestas-de-san-marcos-16","status":"publish","type":"post","link":"http:\/\/www.ortizguerrero.com\/coomonte\/2016\/04\/programa-de-las-fiestas-de-san-marcos-16\/","title":{"rendered":"Programa de las fiestas de San Marcos &#8217;16"},"content":{"rendered":"<p style=\"text-align: justify;\">Adjuntamos el programa que nos ha llegado sobre las fiestas de San Marcos 2016 en Coomonte. Se celebrar\u00e1n el fin de semana entre el d\u00eda 22 y el 24 de abril. Deseamos que el santo de una tregua este a\u00f1o y no sea el \u00abrey de los charcos\u00bb hasta el d\u00eda 25, su fecha exacta.<\/p>\n<p><a href=\"http:\/\/www.ortizguerrero.com\/coomonte\/2016\/04\/programa-de-las-fiestas-de-san-marcos-16\/cartelfiestas\/\" rel=\"attachment wp-att-2255\"><img loading=\"lazy\" decoding=\"async\" class=\"aligncenter size-full wp-image-2255\" src=\"http:\/\/www.ortizguerrero.com\/coomonte\/wp-content\/uploads\/2016\/04\/cartelfiestas.png\" alt=\"cartelfiestas\" width=\"608\" height=\"784\" srcset=\"http:\/\/www.ortizguerrero.com\/coomonte\/wp-content\/uploads\/2016\/04\/cartelfiestas.png 608w, http:\/\/www.ortizguerrero.com\/coomonte\/wp-content\/uploads\/2016\/04\/cartelfiestas-233x300.png 233w\" sizes=\"(max-width: 608px) 100vw, 608px\" \/><\/a><\/p>\n","protected":false},"excerpt":{"rendered":"<p>Adjuntamos el programa que nos ha llegado sobre las fiestas de San Marcos 2016 en Coomonte. Se celebrar\u00e1n el fin de semana entre el d\u00eda 22 y el 24 de abril. Deseamos que el santo de una tregua este a\u00f1o y no sea el \u00abrey de los charcos\u00bb hasta el d\u00eda 25, su fecha exacta.<\/p>\n","protected":false},"author":1,"featured_media":2100,"comment_status":"closed","ping_status":"closed","sticky":false,"template":"","format":"standard","meta":{"ngg_post_thumbnail":0,"footnotes":""},"categories":[4],"tags":[],"_links":{"self":[{"href":"http:\/\/www.ortizguerrero.com\/coomonte\/wp-json\/wp\/v2\/posts\/2254"}],"collection":[{"href":"http:\/\/www.ortizguerrero.com\/coomonte\/wp-json\/wp\/v2\/posts"}],"about":[{"href":"http:\/\/www.ortizguerrero.com\/coomonte\/wp-json\/wp\/v2\/types\/post"}],"author":[{"embeddable":true,"href":"http:\/\/www.ortizguerrero.com\/coomonte\/wp-json\/wp\/v2\/users\/1"}],"replies":[{"embeddable":true,"href":"http:\/\/www.ortizguerrero.com\/coomonte\/wp-json\/wp\/v2\/comments?post=2254"}],"version-history":[{"count":4,"href":"http:\/\/www.ortizguerrero.com\/coomonte\/wp-json\/wp\/v2\/posts\/2254\/revisions"}],"predecessor-version":[{"id":2259,"href":"http:\/\/www.ortizguerrero.com\/coomonte\/wp-json\/wp\/v2\/posts\/2254\/revisions\/2259"}],"wp:featuredmedia":[{"embeddable":true,"href":"http:\/\/www.ortizguerrero.com\/coomonte\/wp-json\/wp\/v2\/media\/2100"}],"wp:attachment":[{"href":"http:\/\/www.ortizguerrero.com\/coomonte\/wp-json\/wp\/v2\/media?parent=2254"}],"wp:term":[{"taxonomy":"category","embeddable":true,"href":"http:\/\/www.ortizguerrero.com\/coomonte\/wp-json\/wp\/v2\/categories?post=2254"},{"taxonomy":"post_tag","embeddable":true,"href":"http:\/\/www.ortizguerrero.com\/coomonte\/wp-json\/wp\/v2\/tags?post=2254"}],"curies":[{"name":"wp","href":"https:\/\/api.w.org\/{rel}","templated":true}]}}