{"id":2241,"date":"2016-01-07T09:00:31","date_gmt":"2016-01-07T08:00:31","guid":{"rendered":"http:\/\/www.ortizguerrero.com\/coomonte\/?p=2241"},"modified":"2016-01-04T13:36:34","modified_gmt":"2016-01-04T12:36:34","slug":"la-asociacion-juco-celebra-la-fiesta-anual-el-dia-29-de-enero","status":"publish","type":"post","link":"http:\/\/www.ortizguerrero.com\/coomonte\/2016\/01\/la-asociacion-juco-celebra-la-fiesta-anual-el-dia-29-de-enero\/","title":{"rendered":"La asociaci\u00f3n JUCO celebra la fiesta anual el d\u00eda 29 de enero"},"content":{"rendered":"<p>A diferencia de a\u00f1os anteriores, esta vez no se llevar\u00e1 a cabo la tradicional matanza del &#8216;cocho&#8217;. En todo caso, habr\u00e1 una comida en la Casa de Cultura del pueblo y se proceder\u00e1 a la renovaci\u00f3n de la junta directiva de la asociaci\u00f3n.<\/p>\n<p><a href=\"http:\/\/www.ortizguerrero.com\/coomonte\/wp-content\/uploads\/2016\/01\/20160103_1402471-e1451910852659.jpg\"><img loading=\"lazy\" decoding=\"async\" class=\"aligncenter size-large wp-image-2242\" src=\"http:\/\/www.ortizguerrero.com\/coomonte\/wp-content\/uploads\/2016\/01\/20160103_1402471-e1451910852659-710x1024.jpg\" alt=\"20160103_140247\" width=\"629\" height=\"907\" srcset=\"http:\/\/www.ortizguerrero.com\/coomonte\/wp-content\/uploads\/2016\/01\/20160103_1402471-e1451910852659-710x1024.jpg 710w, http:\/\/www.ortizguerrero.com\/coomonte\/wp-content\/uploads\/2016\/01\/20160103_1402471-e1451910852659-208x300.jpg 208w, http:\/\/www.ortizguerrero.com\/coomonte\/wp-content\/uploads\/2016\/01\/20160103_1402471-e1451910852659-900x1298.jpg 900w, http:\/\/www.ortizguerrero.com\/coomonte\/wp-content\/uploads\/2016\/01\/20160103_1402471-e1451910852659.jpg 980w\" sizes=\"(max-width: 629px) 100vw, 629px\" \/><\/a>00<\/p>\n","protected":false},"excerpt":{"rendered":"<p>A diferencia de a\u00f1os anteriores, esta vez no se llevar\u00e1 a cabo la tradicional matanza del &#8216;cocho&#8217;. En todo caso, habr\u00e1 una comida en la Casa de Cultura del pueblo y se proceder\u00e1 a la renovaci\u00f3n de la junta directiva de la asociaci\u00f3n. 00<\/p>\n","protected":false},"author":1,"featured_media":2243,"comment_status":"closed","ping_status":"closed","sticky":false,"template":"","format":"standard","meta":{"ngg_post_thumbnail":0,"footnotes":""},"categories":[3],"tags":[],"_links":{"self":[{"href":"http:\/\/www.ortizguerrero.com\/coomonte\/wp-json\/wp\/v2\/posts\/2241"}],"collection":[{"href":"http:\/\/www.ortizguerrero.com\/coomonte\/wp-json\/wp\/v2\/posts"}],"about":[{"href":"http:\/\/www.ortizguerrero.com\/coomonte\/wp-json\/wp\/v2\/types\/post"}],"author":[{"embeddable":true,"href":"http:\/\/www.ortizguerrero.com\/coomonte\/wp-json\/wp\/v2\/users\/1"}],"replies":[{"embeddable":true,"href":"http:\/\/www.ortizguerrero.com\/coomonte\/wp-json\/wp\/v2\/comments?post=2241"}],"version-history":[{"count":1,"href":"http:\/\/www.ortizguerrero.com\/coomonte\/wp-json\/wp\/v2\/posts\/2241\/revisions"}],"predecessor-version":[{"id":2244,"href":"http:\/\/www.ortizguerrero.com\/coomonte\/wp-json\/wp\/v2\/posts\/2241\/revisions\/2244"}],"wp:featuredmedia":[{"embeddable":true,"href":"http:\/\/www.ortizguerrero.com\/coomonte\/wp-json\/wp\/v2\/media\/2243"}],"wp:attachment":[{"href":"http:\/\/www.ortizguerrero.com\/coomonte\/wp-json\/wp\/v2\/media?parent=2241"}],"wp:term":[{"taxonomy":"category","embeddable":true,"href":"http:\/\/www.ortizguerrero.com\/coomonte\/wp-json\/wp\/v2\/categories?post=2241"},{"taxonomy":"post_tag","embeddable":true,"href":"http:\/\/www.ortizguerrero.com\/coomonte\/wp-json\/wp\/v2\/tags?post=2241"}],"curies":[{"name":"wp","href":"https:\/\/api.w.org\/{rel}","templated":true}]}}