{"id":1099,"date":"2014-05-12T13:15:26","date_gmt":"2014-05-12T12:15:26","guid":{"rendered":"http:\/\/www.daniel-ortiz.es\/coomonte\/?p=1099"},"modified":"2014-05-12T13:41:56","modified_gmt":"2014-05-12T12:41:56","slug":"fotografias-de-la-comarca-y-el-entorno","status":"publish","type":"post","link":"http:\/\/www.ortizguerrero.com\/coomonte\/2014\/05\/fotografias-de-la-comarca-y-el-entorno\/","title":{"rendered":"Fotograf\u00edas de la comarca y el entorno"},"content":{"rendered":"<p>Coomonte est\u00e1 situado en una comarca con unas caracter\u00edsticas hist\u00f3rico-naturales que merecen ser expuestas aqu\u00ed. Pronto colgaremos m\u00e1s im\u00e1genes.<\/p>\n<!-- default-view.php -->\n<div\n\tclass=\"ngg-galleryoverview default-view \n\t ngg-ajax-pagination-none\t\"\n\tid=\"ngg-gallery-daa7bfdcf1ba71b7a1cf7bbb20daec2b-1\">\n\n\t\t<!-- Thumbnails -->\n\t\t\t\t<div id=\"ngg-image-0\" class=\"ngg-gallery-thumbnail-box \n\t\t\t\t\t\t\t\t\t\t\t\" \n\t\t\t>\n\t\t\t\t\t\t<div class=\"ngg-gallery-thumbnail\">\n\t\t\t<a href=\"http:\/\/www.ortizguerrero.com\/coomonte\/wp-content\/gallery\/comarca-y-entorno\/20140510_204218.jpg\"\n\t\t\t\ttitle=\"En la Devesa entre Alija y Arrabalde. En lo alto. Bici.\"\n\t\t\t\tdata-src=\"http:\/\/www.ortizguerrero.com\/coomonte\/wp-content\/gallery\/comarca-y-entorno\/20140510_204218.jpg\"\n\t\t\t\tdata-thumbnail=\"http:\/\/www.ortizguerrero.com\/coomonte\/wp-content\/gallery\/comarca-y-entorno\/thumbs\/thumbs_20140510_204218.jpg\"\n\t\t\t\tdata-image-id=\"335\"\n\t\t\t\tdata-title=\"20140510_204218\"\n\t\t\t\tdata-description=\"En la Devesa entre Alija y Arrabalde. En lo alto. Bici.\"\n\t\t\t\tdata-image-slug=\"20140510_204218\"\n\t\t\t\tclass=\"ngg-fancybox\" rel=\"daa7bfdcf1ba71b7a1cf7bbb20daec2b\">\n\t\t\t\t<img\n\t\t\t\t\ttitle=\"20140510_204218\"\n\t\t\t\t\talt=\"20140510_204218\"\n\t\t\t\t\tsrc=\"http:\/\/www.ortizguerrero.com\/coomonte\/wp-content\/gallery\/comarca-y-entorno\/thumbs\/thumbs_20140510_204218.jpg\"\n\t\t\t\t\twidth=\"120\"\n\t\t\t\t\theight=\"90\"\n\t\t\t\t\tstyle=\"max-width:100%;\"\n\t\t\t\t\/>\n\t\t\t<\/a>\n\t\t<\/div>\n\t\t\t\t\t\t\t<\/div> \n\t\t\t\n\t\t\t\t<div id=\"ngg-image-1\" class=\"ngg-gallery-thumbnail-box \n\t\t\t\t\t\t\t\t\t\t\t\" \n\t\t\t>\n\t\t\t\t\t\t<div class=\"ngg-gallery-thumbnail\">\n\t\t\t<a href=\"http:\/\/www.ortizguerrero.com\/coomonte\/wp-content\/gallery\/comarca-y-entorno\/20140510_202659.jpg\"\n\t\t\t\ttitle=\"Ruta en bici por el monte de Alija. La Devesa.\"\n\t\t\t\tdata-src=\"http:\/\/www.ortizguerrero.com\/coomonte\/wp-content\/gallery\/comarca-y-entorno\/20140510_202659.jpg\"\n\t\t\t\tdata-thumbnail=\"http:\/\/www.ortizguerrero.com\/coomonte\/wp-content\/gallery\/comarca-y-entorno\/thumbs\/thumbs_20140510_202659.jpg\"\n\t\t\t\tdata-image-id=\"334\"\n\t\t\t\tdata-title=\"20140510_202659\"\n\t\t\t\tdata-description=\"Ruta en bici por el monte de Alija. La Devesa.\"\n\t\t\t\tdata-image-slug=\"20140510_202659\"\n\t\t\t\tclass=\"ngg-fancybox\" rel=\"daa7bfdcf1ba71b7a1cf7bbb20daec2b\">\n\t\t\t\t<img\n\t\t\t\t\ttitle=\"20140510_202659\"\n\t\t\t\t\talt=\"20140510_202659\"\n\t\t\t\t\tsrc=\"http:\/\/www.ortizguerrero.com\/coomonte\/wp-content\/gallery\/comarca-y-entorno\/thumbs\/thumbs_20140510_202659.jpg\"\n\t\t\t\t\twidth=\"120\"\n\t\t\t\t\theight=\"90\"\n\t\t\t\t\tstyle=\"max-width:100%;\"\n\t\t\t\t\/>\n\t\t\t<\/a>\n\t\t<\/div>\n\t\t\t\t\t\t\t<\/div> \n\t\t\t\n\t\t\t\t<div id=\"ngg-image-2\" class=\"ngg-gallery-thumbnail-box \n\t\t\t\t\t\t\t\t\t\t\t\" \n\t\t\t>\n\t\t\t\t\t\t<div class=\"ngg-gallery-thumbnail\">\n\t\t\t<a href=\"http:\/\/www.ortizguerrero.com\/coomonte\/wp-content\/gallery\/comarca-y-entorno\/20140510_163001.jpg\"\n\t\t\t\ttitle=\"Carretera de Fresno a Coomonte. No, no ha habido una guerra recientemente. Aunque lo parezca.\"\n\t\t\t\tdata-src=\"http:\/\/www.ortizguerrero.com\/coomonte\/wp-content\/gallery\/comarca-y-entorno\/20140510_163001.jpg\"\n\t\t\t\tdata-thumbnail=\"http:\/\/www.ortizguerrero.com\/coomonte\/wp-content\/gallery\/comarca-y-entorno\/thumbs\/thumbs_20140510_163001.jpg\"\n\t\t\t\tdata-image-id=\"332\"\n\t\t\t\tdata-title=\"20140510_163001\"\n\t\t\t\tdata-description=\"Carretera de Fresno a Coomonte. No, no ha habido una guerra recientemente. Aunque lo parezca.\"\n\t\t\t\tdata-image-slug=\"20140510_163001\"\n\t\t\t\tclass=\"ngg-fancybox\" rel=\"daa7bfdcf1ba71b7a1cf7bbb20daec2b\">\n\t\t\t\t<img\n\t\t\t\t\ttitle=\"20140510_163001\"\n\t\t\t\t\talt=\"20140510_163001\"\n\t\t\t\t\tsrc=\"http:\/\/www.ortizguerrero.com\/coomonte\/wp-content\/gallery\/comarca-y-entorno\/thumbs\/thumbs_20140510_163001.jpg\"\n\t\t\t\t\twidth=\"120\"\n\t\t\t\t\theight=\"90\"\n\t\t\t\t\tstyle=\"max-width:100%;\"\n\t\t\t\t\/>\n\t\t\t<\/a>\n\t\t<\/div>\n\t\t\t\t\t\t\t<\/div> \n\t\t\t\n\t\t\t\t<div id=\"ngg-image-3\" class=\"ngg-gallery-thumbnail-box \n\t\t\t\t\t\t\t\t\t\t\t\" \n\t\t\t>\n\t\t\t\t\t\t<div class=\"ngg-gallery-thumbnail\">\n\t\t\t<a href=\"http:\/\/www.ortizguerrero.com\/coomonte\/wp-content\/gallery\/comarca-y-entorno\/20130414_154810.jpg\"\n\t\t\t\ttitle=\"La Nora del R\u00edo.\"\n\t\t\t\tdata-src=\"http:\/\/www.ortizguerrero.com\/coomonte\/wp-content\/gallery\/comarca-y-entorno\/20130414_154810.jpg\"\n\t\t\t\tdata-thumbnail=\"http:\/\/www.ortizguerrero.com\/coomonte\/wp-content\/gallery\/comarca-y-entorno\/thumbs\/thumbs_20130414_154810.jpg\"\n\t\t\t\tdata-image-id=\"387\"\n\t\t\t\tdata-title=\"20130414_154810\"\n\t\t\t\tdata-description=\"La Nora del R\u00edo.\"\n\t\t\t\tdata-image-slug=\"20130414_154810\"\n\t\t\t\tclass=\"ngg-fancybox\" rel=\"daa7bfdcf1ba71b7a1cf7bbb20daec2b\">\n\t\t\t\t<img\n\t\t\t\t\ttitle=\"20130414_154810\"\n\t\t\t\t\talt=\"20130414_154810\"\n\t\t\t\t\tsrc=\"http:\/\/www.ortizguerrero.com\/coomonte\/wp-content\/gallery\/comarca-y-entorno\/thumbs\/thumbs_20130414_154810.jpg\"\n\t\t\t\t\twidth=\"120\"\n\t\t\t\t\theight=\"90\"\n\t\t\t\t\tstyle=\"max-width:100%;\"\n\t\t\t\t\/>\n\t\t\t<\/a>\n\t\t<\/div>\n\t\t\t\t\t\t\t<\/div> \n\t\t\t\n\t\t\t\t<div id=\"ngg-image-4\" class=\"ngg-gallery-thumbnail-box \n\t\t\t\t\t\t\t\t\t\t\t\" \n\t\t\t>\n\t\t\t\t\t\t<div class=\"ngg-gallery-thumbnail\">\n\t\t\t<a href=\"http:\/\/www.ortizguerrero.com\/coomonte\/wp-content\/gallery\/comarca-y-entorno\/13935647784_9f66467e06_b.jpg\"\n\t\t\t\ttitle=\"Dolmen de Arrabalde. Monumento megal\u00edtico del 3.000 a.C.\"\n\t\t\t\tdata-src=\"http:\/\/www.ortizguerrero.com\/coomonte\/wp-content\/gallery\/comarca-y-entorno\/13935647784_9f66467e06_b.jpg\"\n\t\t\t\tdata-thumbnail=\"http:\/\/www.ortizguerrero.com\/coomonte\/wp-content\/gallery\/comarca-y-entorno\/thumbs\/thumbs_13935647784_9f66467e06_b.jpg\"\n\t\t\t\tdata-image-id=\"386\"\n\t\t\t\tdata-title=\"13935647784_9f66467e06_b\"\n\t\t\t\tdata-description=\"Dolmen de Arrabalde. Monumento megal\u00edtico del 3.000 a.C.\"\n\t\t\t\tdata-image-slug=\"13935647784_9f66467e06_b\"\n\t\t\t\tclass=\"ngg-fancybox\" rel=\"daa7bfdcf1ba71b7a1cf7bbb20daec2b\">\n\t\t\t\t<img\n\t\t\t\t\ttitle=\"13935647784_9f66467e06_b\"\n\t\t\t\t\talt=\"13935647784_9f66467e06_b\"\n\t\t\t\t\tsrc=\"http:\/\/www.ortizguerrero.com\/coomonte\/wp-content\/gallery\/comarca-y-entorno\/thumbs\/thumbs_13935647784_9f66467e06_b.jpg\"\n\t\t\t\t\twidth=\"120\"\n\t\t\t\t\theight=\"90\"\n\t\t\t\t\tstyle=\"max-width:100%;\"\n\t\t\t\t\/>\n\t\t\t<\/a>\n\t\t<\/div>\n\t\t\t\t\t\t\t<\/div> \n\t\t\t\n\t\t\t\t<div id=\"ngg-image-5\" class=\"ngg-gallery-thumbnail-box \n\t\t\t\t\t\t\t\t\t\t\t\" \n\t\t\t>\n\t\t\t\t\t\t<div class=\"ngg-gallery-thumbnail\">\n\t\t\t<a href=\"http:\/\/www.ortizguerrero.com\/coomonte\/wp-content\/gallery\/comarca-y-entorno\/13935184443_d0dfb104b6_b.jpg\"\n\t\t\t\ttitle=\"Plaza de El Rollo. Arrabalde.\"\n\t\t\t\tdata-src=\"http:\/\/www.ortizguerrero.com\/coomonte\/wp-content\/gallery\/comarca-y-entorno\/13935184443_d0dfb104b6_b.jpg\"\n\t\t\t\tdata-thumbnail=\"http:\/\/www.ortizguerrero.com\/coomonte\/wp-content\/gallery\/comarca-y-entorno\/thumbs\/thumbs_13935184443_d0dfb104b6_b.jpg\"\n\t\t\t\tdata-image-id=\"385\"\n\t\t\t\tdata-title=\"13935184443_d0dfb104b6_b\"\n\t\t\t\tdata-description=\"Plaza de El Rollo. Arrabalde.\"\n\t\t\t\tdata-image-slug=\"13935184443_d0dfb104b6_b\"\n\t\t\t\tclass=\"ngg-fancybox\" rel=\"daa7bfdcf1ba71b7a1cf7bbb20daec2b\">\n\t\t\t\t<img\n\t\t\t\t\ttitle=\"13935184443_d0dfb104b6_b\"\n\t\t\t\t\talt=\"13935184443_d0dfb104b6_b\"\n\t\t\t\t\tsrc=\"http:\/\/www.ortizguerrero.com\/coomonte\/wp-content\/gallery\/comarca-y-entorno\/thumbs\/thumbs_13935184443_d0dfb104b6_b.jpg\"\n\t\t\t\t\twidth=\"120\"\n\t\t\t\t\theight=\"90\"\n\t\t\t\t\tstyle=\"max-width:100%;\"\n\t\t\t\t\/>\n\t\t\t<\/a>\n\t\t<\/div>\n\t\t\t\t\t\t\t<\/div> \n\t\t\t\n\t\t\t\t<div id=\"ngg-image-6\" class=\"ngg-gallery-thumbnail-box \n\t\t\t\t\t\t\t\t\t\t\t\" \n\t\t\t>\n\t\t\t\t\t\t<div class=\"ngg-gallery-thumbnail\">\n\t\t\t<a href=\"http:\/\/www.ortizguerrero.com\/coomonte\/wp-content\/gallery\/comarca-y-entorno\/13868681415_518bde7e36_h.jpg\"\n\t\t\t\ttitle=\"Iglesia de Arrabalde. San Salvador.\"\n\t\t\t\tdata-src=\"http:\/\/www.ortizguerrero.com\/coomonte\/wp-content\/gallery\/comarca-y-entorno\/13868681415_518bde7e36_h.jpg\"\n\t\t\t\tdata-thumbnail=\"http:\/\/www.ortizguerrero.com\/coomonte\/wp-content\/gallery\/comarca-y-entorno\/thumbs\/thumbs_13868681415_518bde7e36_h.jpg\"\n\t\t\t\tdata-image-id=\"384\"\n\t\t\t\tdata-title=\"13868681415_518bde7e36_h\"\n\t\t\t\tdata-description=\"Iglesia de Arrabalde. San Salvador.\"\n\t\t\t\tdata-image-slug=\"13868681415_518bde7e36_h\"\n\t\t\t\tclass=\"ngg-fancybox\" rel=\"daa7bfdcf1ba71b7a1cf7bbb20daec2b\">\n\t\t\t\t<img\n\t\t\t\t\ttitle=\"13868681415_518bde7e36_h\"\n\t\t\t\t\talt=\"13868681415_518bde7e36_h\"\n\t\t\t\t\tsrc=\"http:\/\/www.ortizguerrero.com\/coomonte\/wp-content\/gallery\/comarca-y-entorno\/thumbs\/thumbs_13868681415_518bde7e36_h.jpg\"\n\t\t\t\t\twidth=\"120\"\n\t\t\t\t\theight=\"90\"\n\t\t\t\t\tstyle=\"max-width:100%;\"\n\t\t\t\t\/>\n\t\t\t<\/a>\n\t\t<\/div>\n\t\t\t\t\t\t\t<\/div> \n\t\t\t\n\t\t\t\t<div id=\"ngg-image-7\" class=\"ngg-gallery-thumbnail-box \n\t\t\t\t\t\t\t\t\t\t\t\" \n\t\t\t>\n\t\t\t\t\t\t<div class=\"ngg-gallery-thumbnail\">\n\t\t\t<a href=\"http:\/\/www.ortizguerrero.com\/coomonte\/wp-content\/gallery\/comarca-y-entorno\/13868665285_b0c89de75b_h.jpg\"\n\t\t\t\ttitle=\"Arrabalde.\"\n\t\t\t\tdata-src=\"http:\/\/www.ortizguerrero.com\/coomonte\/wp-content\/gallery\/comarca-y-entorno\/13868665285_b0c89de75b_h.jpg\"\n\t\t\t\tdata-thumbnail=\"http:\/\/www.ortizguerrero.com\/coomonte\/wp-content\/gallery\/comarca-y-entorno\/thumbs\/thumbs_13868665285_b0c89de75b_h.jpg\"\n\t\t\t\tdata-image-id=\"383\"\n\t\t\t\tdata-title=\"13868665285_b0c89de75b_h\"\n\t\t\t\tdata-description=\"Arrabalde.\"\n\t\t\t\tdata-image-slug=\"13868665285_b0c89de75b_h\"\n\t\t\t\tclass=\"ngg-fancybox\" rel=\"daa7bfdcf1ba71b7a1cf7bbb20daec2b\">\n\t\t\t\t<img\n\t\t\t\t\ttitle=\"13868665285_b0c89de75b_h\"\n\t\t\t\t\talt=\"13868665285_b0c89de75b_h\"\n\t\t\t\t\tsrc=\"http:\/\/www.ortizguerrero.com\/coomonte\/wp-content\/gallery\/comarca-y-entorno\/thumbs\/thumbs_13868665285_b0c89de75b_h.jpg\"\n\t\t\t\t\twidth=\"120\"\n\t\t\t\t\theight=\"90\"\n\t\t\t\t\tstyle=\"max-width:100%;\"\n\t\t\t\t\/>\n\t\t\t<\/a>\n\t\t<\/div>\n\t\t\t\t\t\t\t<\/div> \n\t\t\t\n\t\t\t\t<div id=\"ngg-image-8\" class=\"ngg-gallery-thumbnail-box \n\t\t\t\t\t\t\t\t\t\t\t\" \n\t\t\t>\n\t\t\t\t\t\t<div class=\"ngg-gallery-thumbnail\">\n\t\t\t<a href=\"http:\/\/www.ortizguerrero.com\/coomonte\/wp-content\/gallery\/comarca-y-entorno\/12173046375_2df17ec0ec_b.jpg\"\n\t\t\t\ttitle=\"Alcubilla de Nogales.\"\n\t\t\t\tdata-src=\"http:\/\/www.ortizguerrero.com\/coomonte\/wp-content\/gallery\/comarca-y-entorno\/12173046375_2df17ec0ec_b.jpg\"\n\t\t\t\tdata-thumbnail=\"http:\/\/www.ortizguerrero.com\/coomonte\/wp-content\/gallery\/comarca-y-entorno\/thumbs\/thumbs_12173046375_2df17ec0ec_b.jpg\"\n\t\t\t\tdata-image-id=\"382\"\n\t\t\t\tdata-title=\"12173046375_2df17ec0ec_b\"\n\t\t\t\tdata-description=\"Alcubilla de Nogales.\"\n\t\t\t\tdata-image-slug=\"12173046375_2df17ec0ec_b\"\n\t\t\t\tclass=\"ngg-fancybox\" rel=\"daa7bfdcf1ba71b7a1cf7bbb20daec2b\">\n\t\t\t\t<img\n\t\t\t\t\ttitle=\"12173046375_2df17ec0ec_b\"\n\t\t\t\t\talt=\"12173046375_2df17ec0ec_b\"\n\t\t\t\t\tsrc=\"http:\/\/www.ortizguerrero.com\/coomonte\/wp-content\/gallery\/comarca-y-entorno\/thumbs\/thumbs_12173046375_2df17ec0ec_b.jpg\"\n\t\t\t\t\twidth=\"120\"\n\t\t\t\t\theight=\"90\"\n\t\t\t\t\tstyle=\"max-width:100%;\"\n\t\t\t\t\/>\n\t\t\t<\/a>\n\t\t<\/div>\n\t\t\t\t\t\t\t<\/div> \n\t\t\t\n\t\t\t\t<div id=\"ngg-image-9\" class=\"ngg-gallery-thumbnail-box \n\t\t\t\t\t\t\t\t\t\t\t\" \n\t\t\t>\n\t\t\t\t\t\t<div class=\"ngg-gallery-thumbnail\">\n\t\t\t<a href=\"http:\/\/www.ortizguerrero.com\/coomonte\/wp-content\/gallery\/comarca-y-entorno\/12010609905_47a5ca7809_b.jpg\"\n\t\t\t\ttitle=\"Arrabalde.\"\n\t\t\t\tdata-src=\"http:\/\/www.ortizguerrero.com\/coomonte\/wp-content\/gallery\/comarca-y-entorno\/12010609905_47a5ca7809_b.jpg\"\n\t\t\t\tdata-thumbnail=\"http:\/\/www.ortizguerrero.com\/coomonte\/wp-content\/gallery\/comarca-y-entorno\/thumbs\/thumbs_12010609905_47a5ca7809_b.jpg\"\n\t\t\t\tdata-image-id=\"380\"\n\t\t\t\tdata-title=\"12010609905_47a5ca7809_b\"\n\t\t\t\tdata-description=\"Arrabalde.\"\n\t\t\t\tdata-image-slug=\"12010609905_47a5ca7809_b\"\n\t\t\t\tclass=\"ngg-fancybox\" rel=\"daa7bfdcf1ba71b7a1cf7bbb20daec2b\">\n\t\t\t\t<img\n\t\t\t\t\ttitle=\"12010609905_47a5ca7809_b\"\n\t\t\t\t\talt=\"12010609905_47a5ca7809_b\"\n\t\t\t\t\tsrc=\"http:\/\/www.ortizguerrero.com\/coomonte\/wp-content\/gallery\/comarca-y-entorno\/thumbs\/thumbs_12010609905_47a5ca7809_b.jpg\"\n\t\t\t\t\twidth=\"120\"\n\t\t\t\t\theight=\"90\"\n\t\t\t\t\tstyle=\"max-width:100%;\"\n\t\t\t\t\/>\n\t\t\t<\/a>\n\t\t<\/div>\n\t\t\t\t\t\t\t<\/div> \n\t\t\t\n\t\t\t\t<div id=\"ngg-image-10\" class=\"ngg-gallery-thumbnail-box \n\t\t\t\t\t\t\t\t\t\t\t\" \n\t\t\t>\n\t\t\t\t\t\t<div class=\"ngg-gallery-thumbnail\">\n\t\t\t<a href=\"http:\/\/www.ortizguerrero.com\/coomonte\/wp-content\/gallery\/comarca-y-entorno\/11807345533_f376f38979_b.jpg\"\n\t\t\t\ttitle=\"Puente de Arrabalde.\"\n\t\t\t\tdata-src=\"http:\/\/www.ortizguerrero.com\/coomonte\/wp-content\/gallery\/comarca-y-entorno\/11807345533_f376f38979_b.jpg\"\n\t\t\t\tdata-thumbnail=\"http:\/\/www.ortizguerrero.com\/coomonte\/wp-content\/gallery\/comarca-y-entorno\/thumbs\/thumbs_11807345533_f376f38979_b.jpg\"\n\t\t\t\tdata-image-id=\"379\"\n\t\t\t\tdata-title=\"11807345533_f376f38979_b\"\n\t\t\t\tdata-description=\"Puente de Arrabalde.\"\n\t\t\t\tdata-image-slug=\"11807345533_f376f38979_b\"\n\t\t\t\tclass=\"ngg-fancybox\" rel=\"daa7bfdcf1ba71b7a1cf7bbb20daec2b\">\n\t\t\t\t<img\n\t\t\t\t\ttitle=\"11807345533_f376f38979_b\"\n\t\t\t\t\talt=\"11807345533_f376f38979_b\"\n\t\t\t\t\tsrc=\"http:\/\/www.ortizguerrero.com\/coomonte\/wp-content\/gallery\/comarca-y-entorno\/thumbs\/thumbs_11807345533_f376f38979_b.jpg\"\n\t\t\t\t\twidth=\"120\"\n\t\t\t\t\theight=\"90\"\n\t\t\t\t\tstyle=\"max-width:100%;\"\n\t\t\t\t\/>\n\t\t\t<\/a>\n\t\t<\/div>\n\t\t\t\t\t\t\t<\/div> \n\t\t\t\n\t\t\t\t<div id=\"ngg-image-11\" class=\"ngg-gallery-thumbnail-box \n\t\t\t\t\t\t\t\t\t\t\t\" \n\t\t\t>\n\t\t\t\t\t\t<div class=\"ngg-gallery-thumbnail\">\n\t\t\t<a href=\"http:\/\/www.ortizguerrero.com\/coomonte\/wp-content\/gallery\/comarca-y-entorno\/11807047735_a0063c43e7_b.jpg\"\n\t\t\t\ttitle=\"Arrabalde.\"\n\t\t\t\tdata-src=\"http:\/\/www.ortizguerrero.com\/coomonte\/wp-content\/gallery\/comarca-y-entorno\/11807047735_a0063c43e7_b.jpg\"\n\t\t\t\tdata-thumbnail=\"http:\/\/www.ortizguerrero.com\/coomonte\/wp-content\/gallery\/comarca-y-entorno\/thumbs\/thumbs_11807047735_a0063c43e7_b.jpg\"\n\t\t\t\tdata-image-id=\"378\"\n\t\t\t\tdata-title=\"11807047735_a0063c43e7_b\"\n\t\t\t\tdata-description=\"Arrabalde.\"\n\t\t\t\tdata-image-slug=\"11807047735_a0063c43e7_b\"\n\t\t\t\tclass=\"ngg-fancybox\" rel=\"daa7bfdcf1ba71b7a1cf7bbb20daec2b\">\n\t\t\t\t<img\n\t\t\t\t\ttitle=\"11807047735_a0063c43e7_b\"\n\t\t\t\t\talt=\"11807047735_a0063c43e7_b\"\n\t\t\t\t\tsrc=\"http:\/\/www.ortizguerrero.com\/coomonte\/wp-content\/gallery\/comarca-y-entorno\/thumbs\/thumbs_11807047735_a0063c43e7_b.jpg\"\n\t\t\t\t\twidth=\"120\"\n\t\t\t\t\theight=\"90\"\n\t\t\t\t\tstyle=\"max-width:100%;\"\n\t\t\t\t\/>\n\t\t\t<\/a>\n\t\t<\/div>\n\t\t\t\t\t\t\t<\/div> \n\t\t\t\n\t\t\t\t<div id=\"ngg-image-12\" class=\"ngg-gallery-thumbnail-box \n\t\t\t\t\t\t\t\t\t\t\t\" \n\t\t\t>\n\t\t\t\t\t\t<div class=\"ngg-gallery-thumbnail\">\n\t\t\t<a href=\"http:\/\/www.ortizguerrero.com\/coomonte\/wp-content\/gallery\/comarca-y-entorno\/11612368176_a9d91748cd_b.jpg\"\n\t\t\t\ttitle=\"Murallas astures. Arrabalde.\"\n\t\t\t\tdata-src=\"http:\/\/www.ortizguerrero.com\/coomonte\/wp-content\/gallery\/comarca-y-entorno\/11612368176_a9d91748cd_b.jpg\"\n\t\t\t\tdata-thumbnail=\"http:\/\/www.ortizguerrero.com\/coomonte\/wp-content\/gallery\/comarca-y-entorno\/thumbs\/thumbs_11612368176_a9d91748cd_b.jpg\"\n\t\t\t\tdata-image-id=\"377\"\n\t\t\t\tdata-title=\"11612368176_a9d91748cd_b\"\n\t\t\t\tdata-description=\"Murallas astures. Arrabalde.\"\n\t\t\t\tdata-image-slug=\"11612368176_a9d91748cd_b\"\n\t\t\t\tclass=\"ngg-fancybox\" rel=\"daa7bfdcf1ba71b7a1cf7bbb20daec2b\">\n\t\t\t\t<img\n\t\t\t\t\ttitle=\"11612368176_a9d91748cd_b\"\n\t\t\t\t\talt=\"11612368176_a9d91748cd_b\"\n\t\t\t\t\tsrc=\"http:\/\/www.ortizguerrero.com\/coomonte\/wp-content\/gallery\/comarca-y-entorno\/thumbs\/thumbs_11612368176_a9d91748cd_b.jpg\"\n\t\t\t\t\twidth=\"120\"\n\t\t\t\t\theight=\"90\"\n\t\t\t\t\tstyle=\"max-width:100%;\"\n\t\t\t\t\/>\n\t\t\t<\/a>\n\t\t<\/div>\n\t\t\t\t\t\t\t<\/div> \n\t\t\t\n\t\t\t\t<div id=\"ngg-image-13\" class=\"ngg-gallery-thumbnail-box \n\t\t\t\t\t\t\t\t\t\t\t\" \n\t\t\t>\n\t\t\t\t\t\t<div class=\"ngg-gallery-thumbnail\">\n\t\t\t<a href=\"http:\/\/www.ortizguerrero.com\/coomonte\/wp-content\/gallery\/comarca-y-entorno\/11388451856_67893a8d4b_b.jpg\"\n\t\t\t\ttitle=\"Pe\u00f1alapipa en Arrabalde.\"\n\t\t\t\tdata-src=\"http:\/\/www.ortizguerrero.com\/coomonte\/wp-content\/gallery\/comarca-y-entorno\/11388451856_67893a8d4b_b.jpg\"\n\t\t\t\tdata-thumbnail=\"http:\/\/www.ortizguerrero.com\/coomonte\/wp-content\/gallery\/comarca-y-entorno\/thumbs\/thumbs_11388451856_67893a8d4b_b.jpg\"\n\t\t\t\tdata-image-id=\"376\"\n\t\t\t\tdata-title=\"11388451856_67893a8d4b_b\"\n\t\t\t\tdata-description=\"Pe\u00f1alapipa en Arrabalde.\"\n\t\t\t\tdata-image-slug=\"11388451856_67893a8d4b_b\"\n\t\t\t\tclass=\"ngg-fancybox\" rel=\"daa7bfdcf1ba71b7a1cf7bbb20daec2b\">\n\t\t\t\t<img\n\t\t\t\t\ttitle=\"11388451856_67893a8d4b_b\"\n\t\t\t\t\talt=\"11388451856_67893a8d4b_b\"\n\t\t\t\t\tsrc=\"http:\/\/www.ortizguerrero.com\/coomonte\/wp-content\/gallery\/comarca-y-entorno\/thumbs\/thumbs_11388451856_67893a8d4b_b.jpg\"\n\t\t\t\t\twidth=\"120\"\n\t\t\t\t\theight=\"90\"\n\t\t\t\t\tstyle=\"max-width:100%;\"\n\t\t\t\t\/>\n\t\t\t<\/a>\n\t\t<\/div>\n\t\t\t\t\t\t\t<\/div> \n\t\t\t\n\t\t\t\t<div id=\"ngg-image-14\" class=\"ngg-gallery-thumbnail-box \n\t\t\t\t\t\t\t\t\t\t\t\" \n\t\t\t>\n\t\t\t\t\t\t<div class=\"ngg-gallery-thumbnail\">\n\t\t\t<a href=\"http:\/\/www.ortizguerrero.com\/coomonte\/wp-content\/gallery\/comarca-y-entorno\/11160546574_f78553aa19_b.jpg\"\n\t\t\t\ttitle=\"Murallas del Castro de las Labradas en Arrabalde.\"\n\t\t\t\tdata-src=\"http:\/\/www.ortizguerrero.com\/coomonte\/wp-content\/gallery\/comarca-y-entorno\/11160546574_f78553aa19_b.jpg\"\n\t\t\t\tdata-thumbnail=\"http:\/\/www.ortizguerrero.com\/coomonte\/wp-content\/gallery\/comarca-y-entorno\/thumbs\/thumbs_11160546574_f78553aa19_b.jpg\"\n\t\t\t\tdata-image-id=\"375\"\n\t\t\t\tdata-title=\"11160546574_f78553aa19_b\"\n\t\t\t\tdata-description=\"Murallas del Castro de las Labradas en Arrabalde.\"\n\t\t\t\tdata-image-slug=\"11160546574_f78553aa19_b\"\n\t\t\t\tclass=\"ngg-fancybox\" rel=\"daa7bfdcf1ba71b7a1cf7bbb20daec2b\">\n\t\t\t\t<img\n\t\t\t\t\ttitle=\"11160546574_f78553aa19_b\"\n\t\t\t\t\talt=\"11160546574_f78553aa19_b\"\n\t\t\t\t\tsrc=\"http:\/\/www.ortizguerrero.com\/coomonte\/wp-content\/gallery\/comarca-y-entorno\/thumbs\/thumbs_11160546574_f78553aa19_b.jpg\"\n\t\t\t\t\twidth=\"120\"\n\t\t\t\t\theight=\"90\"\n\t\t\t\t\tstyle=\"max-width:100%;\"\n\t\t\t\t\/>\n\t\t\t<\/a>\n\t\t<\/div>\n\t\t\t\t\t\t\t<\/div> \n\t\t\t\n\t\t\t\t<div id=\"ngg-image-15\" class=\"ngg-gallery-thumbnail-box \n\t\t\t\t\t\t\t\t\t\t\t\" \n\t\t\t>\n\t\t\t\t\t\t<div class=\"ngg-gallery-thumbnail\">\n\t\t\t<a href=\"http:\/\/www.ortizguerrero.com\/coomonte\/wp-content\/gallery\/comarca-y-entorno\/11114720263_8085e93fd1_b.jpg\"\n\t\t\t\ttitle=\"Paisaje de Arrabalde.\"\n\t\t\t\tdata-src=\"http:\/\/www.ortizguerrero.com\/coomonte\/wp-content\/gallery\/comarca-y-entorno\/11114720263_8085e93fd1_b.jpg\"\n\t\t\t\tdata-thumbnail=\"http:\/\/www.ortizguerrero.com\/coomonte\/wp-content\/gallery\/comarca-y-entorno\/thumbs\/thumbs_11114720263_8085e93fd1_b.jpg\"\n\t\t\t\tdata-image-id=\"374\"\n\t\t\t\tdata-title=\"11114720263_8085e93fd1_b\"\n\t\t\t\tdata-description=\"Paisaje de Arrabalde.\"\n\t\t\t\tdata-image-slug=\"11114720263_8085e93fd1_b\"\n\t\t\t\tclass=\"ngg-fancybox\" rel=\"daa7bfdcf1ba71b7a1cf7bbb20daec2b\">\n\t\t\t\t<img\n\t\t\t\t\ttitle=\"11114720263_8085e93fd1_b\"\n\t\t\t\t\talt=\"11114720263_8085e93fd1_b\"\n\t\t\t\t\tsrc=\"http:\/\/www.ortizguerrero.com\/coomonte\/wp-content\/gallery\/comarca-y-entorno\/thumbs\/thumbs_11114720263_8085e93fd1_b.jpg\"\n\t\t\t\t\twidth=\"120\"\n\t\t\t\t\theight=\"90\"\n\t\t\t\t\tstyle=\"max-width:100%;\"\n\t\t\t\t\/>\n\t\t\t<\/a>\n\t\t<\/div>\n\t\t\t\t\t\t\t<\/div> \n\t\t\t\n\t\t\t\t<div id=\"ngg-image-16\" class=\"ngg-gallery-thumbnail-box \n\t\t\t\t\t\t\t\t\t\t\t\" \n\t\t\t>\n\t\t\t\t\t\t<div class=\"ngg-gallery-thumbnail\">\n\t\t\t<a href=\"http:\/\/www.ortizguerrero.com\/coomonte\/wp-content\/gallery\/comarca-y-entorno\/10783289834_510498cd51_b.jpg\"\n\t\t\t\ttitle=\"De ruta por el Monte de Villaferrue\u00f1a.\"\n\t\t\t\tdata-src=\"http:\/\/www.ortizguerrero.com\/coomonte\/wp-content\/gallery\/comarca-y-entorno\/10783289834_510498cd51_b.jpg\"\n\t\t\t\tdata-thumbnail=\"http:\/\/www.ortizguerrero.com\/coomonte\/wp-content\/gallery\/comarca-y-entorno\/thumbs\/thumbs_10783289834_510498cd51_b.jpg\"\n\t\t\t\tdata-image-id=\"373\"\n\t\t\t\tdata-title=\"10783289834_510498cd51_b\"\n\t\t\t\tdata-description=\"De ruta por el Monte de Villaferrue\u00f1a.\"\n\t\t\t\tdata-image-slug=\"10783289834_510498cd51_b\"\n\t\t\t\tclass=\"ngg-fancybox\" rel=\"daa7bfdcf1ba71b7a1cf7bbb20daec2b\">\n\t\t\t\t<img\n\t\t\t\t\ttitle=\"10783289834_510498cd51_b\"\n\t\t\t\t\talt=\"10783289834_510498cd51_b\"\n\t\t\t\t\tsrc=\"http:\/\/www.ortizguerrero.com\/coomonte\/wp-content\/gallery\/comarca-y-entorno\/thumbs\/thumbs_10783289834_510498cd51_b.jpg\"\n\t\t\t\t\twidth=\"120\"\n\t\t\t\t\theight=\"90\"\n\t\t\t\t\tstyle=\"max-width:100%;\"\n\t\t\t\t\/>\n\t\t\t<\/a>\n\t\t<\/div>\n\t\t\t\t\t\t\t<\/div> \n\t\t\t\n\t\t\t\t<div id=\"ngg-image-17\" class=\"ngg-gallery-thumbnail-box \n\t\t\t\t\t\t\t\t\t\t\t\" \n\t\t\t>\n\t\t\t\t\t\t<div class=\"ngg-gallery-thumbnail\">\n\t\t\t<a href=\"http:\/\/www.ortizguerrero.com\/coomonte\/wp-content\/gallery\/comarca-y-entorno\/9639028041_04df05a508_b.jpg\"\n\t\t\t\ttitle=\"Parque de La Mota en Benavente.\"\n\t\t\t\tdata-src=\"http:\/\/www.ortizguerrero.com\/coomonte\/wp-content\/gallery\/comarca-y-entorno\/9639028041_04df05a508_b.jpg\"\n\t\t\t\tdata-thumbnail=\"http:\/\/www.ortizguerrero.com\/coomonte\/wp-content\/gallery\/comarca-y-entorno\/thumbs\/thumbs_9639028041_04df05a508_b.jpg\"\n\t\t\t\tdata-image-id=\"372\"\n\t\t\t\tdata-title=\"9639028041_04df05a508_b\"\n\t\t\t\tdata-description=\"Parque de La Mota en Benavente.\"\n\t\t\t\tdata-image-slug=\"9639028041_04df05a508_b\"\n\t\t\t\tclass=\"ngg-fancybox\" rel=\"daa7bfdcf1ba71b7a1cf7bbb20daec2b\">\n\t\t\t\t<img\n\t\t\t\t\ttitle=\"9639028041_04df05a508_b\"\n\t\t\t\t\talt=\"9639028041_04df05a508_b\"\n\t\t\t\t\tsrc=\"http:\/\/www.ortizguerrero.com\/coomonte\/wp-content\/gallery\/comarca-y-entorno\/thumbs\/thumbs_9639028041_04df05a508_b.jpg\"\n\t\t\t\t\twidth=\"120\"\n\t\t\t\t\theight=\"90\"\n\t\t\t\t\tstyle=\"max-width:100%;\"\n\t\t\t\t\/>\n\t\t\t<\/a>\n\t\t<\/div>\n\t\t\t\t\t\t\t<\/div> \n\t\t\t\n\t\t\t\t<div id=\"ngg-image-18\" class=\"ngg-gallery-thumbnail-box \n\t\t\t\t\t\t\t\t\t\t\t\" \n\t\t\t>\n\t\t\t\t\t\t<div class=\"ngg-gallery-thumbnail\">\n\t\t\t<a href=\"http:\/\/www.ortizguerrero.com\/coomonte\/wp-content\/gallery\/comarca-y-entorno\/9526994444_23cc5e9259_b.jpg\"\n\t\t\t\ttitle=\"Presa del Ca\u00f1o de Coomonte. En t\u00e9rmino de Alija del Infantado, cerca de Altobar. Cauce del siglo XVI.\"\n\t\t\t\tdata-src=\"http:\/\/www.ortizguerrero.com\/coomonte\/wp-content\/gallery\/comarca-y-entorno\/9526994444_23cc5e9259_b.jpg\"\n\t\t\t\tdata-thumbnail=\"http:\/\/www.ortizguerrero.com\/coomonte\/wp-content\/gallery\/comarca-y-entorno\/thumbs\/thumbs_9526994444_23cc5e9259_b.jpg\"\n\t\t\t\tdata-image-id=\"371\"\n\t\t\t\tdata-title=\"9526994444_23cc5e9259_b\"\n\t\t\t\tdata-description=\"Presa del Ca\u00f1o de Coomonte. En t\u00e9rmino de Alija del Infantado, cerca de Altobar. Cauce del siglo XVI.\"\n\t\t\t\tdata-image-slug=\"9526994444_23cc5e9259_b\"\n\t\t\t\tclass=\"ngg-fancybox\" rel=\"daa7bfdcf1ba71b7a1cf7bbb20daec2b\">\n\t\t\t\t<img\n\t\t\t\t\ttitle=\"9526994444_23cc5e9259_b\"\n\t\t\t\t\talt=\"9526994444_23cc5e9259_b\"\n\t\t\t\t\tsrc=\"http:\/\/www.ortizguerrero.com\/coomonte\/wp-content\/gallery\/comarca-y-entorno\/thumbs\/thumbs_9526994444_23cc5e9259_b.jpg\"\n\t\t\t\t\twidth=\"120\"\n\t\t\t\t\theight=\"90\"\n\t\t\t\t\tstyle=\"max-width:100%;\"\n\t\t\t\t\/>\n\t\t\t<\/a>\n\t\t<\/div>\n\t\t\t\t\t\t\t<\/div> \n\t\t\t\n\t\t\t\t<div id=\"ngg-image-19\" class=\"ngg-gallery-thumbnail-box \n\t\t\t\t\t\t\t\t\t\t\t\" \n\t\t\t>\n\t\t\t\t\t\t<div class=\"ngg-gallery-thumbnail\">\n\t\t\t<a href=\"http:\/\/www.ortizguerrero.com\/coomonte\/wp-content\/gallery\/comarca-y-entorno\/9193774086_91efec2439_h.jpg\"\n\t\t\t\ttitle=\"Brime de Urz\"\n\t\t\t\tdata-src=\"http:\/\/www.ortizguerrero.com\/coomonte\/wp-content\/gallery\/comarca-y-entorno\/9193774086_91efec2439_h.jpg\"\n\t\t\t\tdata-thumbnail=\"http:\/\/www.ortizguerrero.com\/coomonte\/wp-content\/gallery\/comarca-y-entorno\/thumbs\/thumbs_9193774086_91efec2439_h.jpg\"\n\t\t\t\tdata-image-id=\"370\"\n\t\t\t\tdata-title=\"9193774086_91efec2439_h\"\n\t\t\t\tdata-description=\"Brime de Urz\"\n\t\t\t\tdata-image-slug=\"9193774086_91efec2439_h\"\n\t\t\t\tclass=\"ngg-fancybox\" rel=\"daa7bfdcf1ba71b7a1cf7bbb20daec2b\">\n\t\t\t\t<img\n\t\t\t\t\ttitle=\"9193774086_91efec2439_h\"\n\t\t\t\t\talt=\"9193774086_91efec2439_h\"\n\t\t\t\t\tsrc=\"http:\/\/www.ortizguerrero.com\/coomonte\/wp-content\/gallery\/comarca-y-entorno\/thumbs\/thumbs_9193774086_91efec2439_h.jpg\"\n\t\t\t\t\twidth=\"120\"\n\t\t\t\t\theight=\"90\"\n\t\t\t\t\tstyle=\"max-width:100%;\"\n\t\t\t\t\/>\n\t\t\t<\/a>\n\t\t<\/div>\n\t\t\t\t\t\t\t<\/div> \n\t\t\t\n\t\n\t<br style=\"clear: both\" \/>\n\n\t\t<div class=\"slideshowlink\">\n\t\t<a href='http:\/\/www.ortizguerrero.com\/coomonte\/2014\/05\/fotografias-de-la-comarca-y-el-entorno\/nggallery\/slideshow'>[Show slideshow]<\/a>\n\t\t\n\t<\/div>\n\t\n\t\t<!-- Pagination -->\n\t\t<div class='ngg-navigation'><span class='current'>1<\/span>\n<a class='page-numbers' data-pageid='2' href='http:\/\/www.ortizguerrero.com\/coomonte\/2014\/05\/fotografias-de-la-comarca-y-el-entorno\/nggallery\/page\/2'>2<\/a>\n<a class='page-numbers' data-pageid='3' href='http:\/\/www.ortizguerrero.com\/coomonte\/2014\/05\/fotografias-de-la-comarca-y-el-entorno\/nggallery\/page\/3'>3<\/a>\n<a class='prev' href='http:\/\/www.ortizguerrero.com\/coomonte\/2014\/05\/fotografias-de-la-comarca-y-el-entorno\/nggallery\/page\/2' data-pageid=2>&#9658;<\/a><\/div>\t<\/div>\n\n","protected":false},"excerpt":{"rendered":"<p>Coomonte est\u00e1 situado en una comarca con unas caracter\u00edsticas hist\u00f3rico-naturales que merecen ser expuestas aqu\u00ed. Pronto colgaremos m\u00e1s im\u00e1genes.<\/p>\n","protected":false},"author":1,"featured_media":249,"comment_status":"closed","ping_status":"closed","sticky":false,"template":"","format":"standard","meta":{"ngg_post_thumbnail":0,"footnotes":""},"categories":[5],"tags":[40,23],"_links":{"self":[{"href":"http:\/\/www.ortizguerrero.com\/coomonte\/wp-json\/wp\/v2\/posts\/1099"}],"collection":[{"href":"http:\/\/www.ortizguerrero.com\/coomonte\/wp-json\/wp\/v2\/posts"}],"about":[{"href":"http:\/\/www.ortizguerrero.com\/coomonte\/wp-json\/wp\/v2\/types\/post"}],"author":[{"embeddable":true,"href":"http:\/\/www.ortizguerrero.com\/coomonte\/wp-json\/wp\/v2\/users\/1"}],"replies":[{"embeddable":true,"href":"http:\/\/www.ortizguerrero.com\/coomonte\/wp-json\/wp\/v2\/comments?post=1099"}],"version-history":[{"count":1,"href":"http:\/\/www.ortizguerrero.com\/coomonte\/wp-json\/wp\/v2\/posts\/1099\/revisions"}],"predecessor-version":[{"id":1101,"href":"http:\/\/www.ortizguerrero.com\/coomonte\/wp-json\/wp\/v2\/posts\/1099\/revisions\/1101"}],"wp:featuredmedia":[{"embeddable":true,"href":"http:\/\/www.ortizguerrero.com\/coomonte\/wp-json\/wp\/v2\/media\/249"}],"wp:attachment":[{"href":"http:\/\/www.ortizguerrero.com\/coomonte\/wp-json\/wp\/v2\/media?parent=1099"}],"wp:term":[{"taxonomy":"category","embeddable":true,"href":"http:\/\/www.ortizguerrero.com\/coomonte\/wp-json\/wp\/v2\/categories?post=1099"},{"taxonomy":"post_tag","embeddable":true,"href":"http:\/\/www.ortizguerrero.com\/coomonte\/wp-json\/wp\/v2\/tags?post=1099"}],"curies":[{"name":"wp","href":"https:\/\/api.w.org\/{rel}","templated":true}]}}